{"id":190599,"date":"2017-03-11T12:24:36","date_gmt":"2017-03-11T11:24:36","guid":{"rendered":"http:\/\/www.radioluna.it\/news\/?p=190599"},"modified":"2017-03-11T12:26:06","modified_gmt":"2017-03-11T11:26:06","slug":"latina-a-scuola-di-cinema-con-edoardo-leo-e-luca-ward-alla-bottega-degli-errori","status":"publish","type":"post","link":"https:\/\/www.radioluna.it\/news\/2017\/03\/latina-a-scuola-di-cinema-con-edoardo-leo-e-luca-ward-alla-bottega-degli-errori\/","title":{"rendered":"Latina, a scuola di cinema con Edoardo Leo e Luca Ward alla Bottega degli Errori"},"content":{"rendered":"<div id=\"fb-root\"><\/div>\n<div id=\"attachment_190618\" style=\"width: 699px\" class=\"wp-caption aligncenter\"><img loading=\"lazy\" decoding=\"async\" aria-describedby=\"caption-attachment-190618\" class=\"size-thumbnail wp-image-190618\" src=\"http:\/\/www.radioluna.it\/news\/wp-content\/uploads\/2017\/03\/permarella-1-689x461.jpg\" alt=\"\" width=\"689\" height=\"461\" srcset=\"https:\/\/www.radioluna.it\/news\/wp-content\/uploads\/2017\/03\/permarella-1-689x461.jpg 689w, https:\/\/www.radioluna.it\/news\/wp-content\/uploads\/2017\/03\/permarella-1-300x201.jpg 300w, https:\/\/www.radioluna.it\/news\/wp-content\/uploads\/2017\/03\/permarella-1-768x514.jpg 768w, https:\/\/www.radioluna.it\/news\/wp-content\/uploads\/2017\/03\/permarella-1-800x535.jpg 800w, https:\/\/www.radioluna.it\/news\/wp-content\/uploads\/2017\/03\/permarella-1.jpg 1000w\" sizes=\"auto, (max-width: 689px) 100vw, 689px\" \/><p id=\"caption-attachment-190618\" class=\"wp-caption-text\">Clemente Pernarella<\/p><\/div>\n<p style=\"text-align: justify;\"><strong>LATINA<\/strong> &#8211; Tra i docenti ci sono Edoardo Leo, Marco Bonini, Lorenzo Lavia, Marco Maccaferri, Claudio Bellero e Luca Ward. \u00a0L&#8217;elenco \u00e8 de \u201cLa Bottega degli errori\u201d di Clemente Pernarella che ha creato Action, un laboratorio professionalizzante per il mondo del cinema. Vi si studiano produzione, tecnica di ripresa, sceneggiatura, grammatica filmica e altro ancora per insegnare chi \u00e8 l&#8217;attore, che cosa fa in tv, piuttosto che per il cinema, e che posto occupa la settima arte nell\u2019industria della comunicazione.<\/p>\n<p style=\"text-align: justify;\">&lt;&lt; Lo scopo di Action &#8211; sottolinea Pernarella &#8211; \u00e8 fornire degli strumenti a chi intende raggiungere un consumo pi\u00f9 consapevole, per un interesse personale e soprattutto per coloro i quali intendano avere un approccio formativo in previsione di un percorso professionale nel settore. L&#8217;iniziativa nasce con lo scopo di far avvicinare, conoscere e guardare il mondo dell\u2019audiovisivo attraverso gli occhi dei professionisti, che potranno fungere da guida e restituire una dimensione tangibile di una globale esperienza sul campo. Fornendo cos\u00ec una prospettiva diversa su un mondo che prima di esprimere una possibilit\u00e0 professionale evidenzia alcune necessit\u00e0: la capacit\u00e0 di conoscenza, lo studio, la ricerca e il sacrificio. &gt;&gt;<\/p>\n<div id=\"attachment_190617\" style=\"width: 310px\" class=\"wp-caption alignright\"><img loading=\"lazy\" decoding=\"async\" aria-describedby=\"caption-attachment-190617\" class=\"wp-image-190617 size-medium\" src=\"http:\/\/www.radioluna.it\/news\/wp-content\/uploads\/2017\/03\/leo-300x290.jpg\" alt=\"\" width=\"300\" height=\"290\" srcset=\"https:\/\/www.radioluna.it\/news\/wp-content\/uploads\/2017\/03\/leo-300x290.jpg 300w, https:\/\/www.radioluna.it\/news\/wp-content\/uploads\/2017\/03\/leo-689x667.jpg 689w, https:\/\/www.radioluna.it\/news\/wp-content\/uploads\/2017\/03\/leo-768x744.jpg 768w, https:\/\/www.radioluna.it\/news\/wp-content\/uploads\/2017\/03\/leo-800x775.jpg 800w, https:\/\/www.radioluna.it\/news\/wp-content\/uploads\/2017\/03\/leo.jpg 914w\" sizes=\"auto, (max-width: 300px) 100vw, 300px\" \/><p id=\"caption-attachment-190617\" class=\"wp-caption-text\">Edoardo Leo, uno dei docenti<\/p><\/div>\n<p style=\"text-align: justify;\">Il laboratorio, che fa parte di una serie di progetti sostenuti dalla Regione Lazio per la Promozione, sviluppo e qualificazione delle attivit\u00e0 cinematografiche e audiovisive, \u00a0proceder\u00e0 attraverso workshop, seminari, incontri, proiezioni e attivit\u00e0 pratica e avr\u00e0 una durata di tre mesi da marzo a giugno del 2017.<\/p>\n<p>Le ammissioni al laboratorio avverranno previo colloquio. Per info 3925407500,labottegadeglierrori@gmail.com;www.labottegadeglierrori.org; facebook: labottegadeglierrori.<\/p>\n<p>&nbsp;<\/p>\n","protected":false},"excerpt":{"rendered":"<p>LATINA &#8211; Tra i docenti ci sono Edoardo Leo, Marco Bonini, Lorenzo Lavia, Marco Maccaferri, Claudio Bellero e Luca Ward. \u00a0L&#8217;elenco \u00e8 de \u201cLa Bottega degli errori\u201d di Clemente Pernarella che ha creato Action, un laboratorio professionalizzante per il mondo del cinema. Vi si studiano produzione, tecnica di ripresa, sceneggiatura, grammatica filmica e altro ancora [&hellip;]<\/p>\n","protected":false},"author":62,"featured_media":190618,"comment_status":"open","ping_status":"closed","sticky":false,"template":"","format":"standard","meta":{"footnotes":""},"categories":[11],"tags":[],"class_list":["post-190599","post","type-post","status-publish","format-standard","has-post-thumbnail","hentry","category-economia"],"_links":{"self":[{"href":"https:\/\/www.radioluna.it\/news\/wp-json\/wp\/v2\/posts\/190599","targetHints":{"allow":["GET"]}}],"collection":[{"href":"https:\/\/www.radioluna.it\/news\/wp-json\/wp\/v2\/posts"}],"about":[{"href":"https:\/\/www.radioluna.it\/news\/wp-json\/wp\/v2\/types\/post"}],"author":[{"embeddable":true,"href":"https:\/\/www.radioluna.it\/news\/wp-json\/wp\/v2\/users\/62"}],"replies":[{"embeddable":true,"href":"https:\/\/www.radioluna.it\/news\/wp-json\/wp\/v2\/comments?post=190599"}],"version-history":[{"count":0,"href":"https:\/\/www.radioluna.it\/news\/wp-json\/wp\/v2\/posts\/190599\/revisions"}],"wp:featuredmedia":[{"embeddable":true,"href":"https:\/\/www.radioluna.it\/news\/wp-json\/wp\/v2\/media\/190618"}],"wp:attachment":[{"href":"https:\/\/www.radioluna.it\/news\/wp-json\/wp\/v2\/media?parent=190599"}],"wp:term":[{"taxonomy":"category","embeddable":true,"href":"https:\/\/www.radioluna.it\/news\/wp-json\/wp\/v2\/categories?post=190599"},{"taxonomy":"post_tag","embeddable":true,"href":"https:\/\/www.radioluna.it\/news\/wp-json\/wp\/v2\/tags?post=190599"}],"curies":[{"name":"wp","href":"https:\/\/api.w.org\/{rel}","templated":true}]}}