{"id":191367,"date":"2017-03-25T20:23:50","date_gmt":"2017-03-25T19:23:50","guid":{"rendered":"http:\/\/www.radioluna.it\/news\/?p=191367"},"modified":"2017-03-26T04:57:15","modified_gmt":"2017-03-26T03:57:15","slug":"benacquista-basket-prima-trasferta-a-legnano","status":"publish","type":"post","link":"https:\/\/www.radioluna.it\/news\/2017\/03\/benacquista-basket-prima-trasferta-a-legnano\/","title":{"rendered":"Benacquista Basket: prima trasferta a Legnano"},"content":{"rendered":"<div id=\"fb-root\"><\/div>\n<p style=\"text-align: justify;\"><strong><a href=\"http:\/\/www.radioluna.it\/news\/wp-content\/uploads\/2017\/03\/andrea-pastore-11-1170x650.jpg\"><img loading=\"lazy\" decoding=\"async\" class=\"aligncenter wp-image-191368 size-thumbnail\" src=\"http:\/\/www.radioluna.it\/news\/wp-content\/uploads\/2017\/03\/andrea-pastore-11-1170x650-689x383.jpg\" alt=\"\" width=\"689\" height=\"383\" srcset=\"https:\/\/www.radioluna.it\/news\/wp-content\/uploads\/2017\/03\/andrea-pastore-11-1170x650-689x383.jpg 689w, https:\/\/www.radioluna.it\/news\/wp-content\/uploads\/2017\/03\/andrea-pastore-11-1170x650-300x167.jpg 300w, https:\/\/www.radioluna.it\/news\/wp-content\/uploads\/2017\/03\/andrea-pastore-11-1170x650-768x427.jpg 768w, https:\/\/www.radioluna.it\/news\/wp-content\/uploads\/2017\/03\/andrea-pastore-11-1170x650-800x445.jpg 800w, https:\/\/www.radioluna.it\/news\/wp-content\/uploads\/2017\/03\/andrea-pastore-11-1170x650.jpg 1000w\" sizes=\"auto, (max-width: 689px) 100vw, 689px\" \/><\/a><\/strong><\/p>\n<p style=\"text-align: justify;\"><strong>LATINA &#8211; <\/strong>Piena corsa <em>playoff<\/em> per i nerazzurri della Benacquista Assicurazioni Latina Basket, due trasferte consecutive per i ragazzi di casa che doamani, domenica 26 marzo alle ore 18:00 \u00e8 attesa al PalaEuroimmobiliare per sfidare la TWS Legnano e la settimana prossima invece sar\u00e0 ospite dalla Viola Reggio Calabria al PalaPentimele.<\/p>\n<p style=\"text-align: justify;\">In casa Legnano in occasione della 26esima giornata di campionato di Serie A2 Citro\u00ebn, capitan Uglietti e compagni dovranno affrontare una partita insidiosa e delicata dopo una settimana difficile: stop degli\u00a0atleti americani, DeShields e Arledge, anche il giovane centro Giovanni Allodi non ha preso parte alle sedute di allenamento e nonostante il rientro in campo di Roberto Rullo domenica scorsa, l&#8217;atleta non \u00e8 ancora in buone condizioni e non \u00e8 sicura la sua presenza\u00a0 al PalaEuroimmobiliare.<\/p>\n<p style=\"text-align: justify;\">I lombardi sono attualmente a quota 30 punti, due in pi\u00f9 rispetto alla Benacquista Basket, Legnano \u00e8 reduce da una sconfitta al <em>photofinish<\/em> in terra siciliana, dove si \u00e8 arresa ad Agrigento con il risultato di 68-67. Cercano riscatto e con il fattore campo dalla loro vorranno tutta la posta in palio. Sul fronte nerazzurro il desiderio di rivalsa \u00e8 ancora pi\u00f9 forte dopo la vittoria <em>all&#8217;overtime<\/em> di Agropoli sul parquet del PalaBianchini per 81-84. Le parole di<strong>\u00a0<em>coach<\/em> Gramenz<\/strong>i alla vigilia della gara &#8220;<em>la prima di queste ultime cinque gare che mancano al termine della regular season ci vedr\u00e0 affrontare Legnano, che \u00e8 una delle migliori squadre in classifica e fin dall&#8217;inizio\u00a0del campionato occupa le prime posizioni. \u00c8 un campo difficile e noi siamo reduci dalla sconfitta interna di domenica scorsa con Agropoli, che inevitabilmente ha lasciato qualche segno. Come gi\u00e0 accaduto in altre occasioni, anche questa volta proveremo a risollevarci da una situazione complicata perch\u00e9 la corsa ai playoff \u00e8 aperta, noi ci siamo dentro e desideriamo rimanerci fino alla fine. Manca un mese al termine della stagione regolare e tutto pu\u00f2 ancora accadere, per questo motivo dobbiamo essere pronti a lottare durante ogni partita, azzerando di volta in volta quanto accaduto nel match precedente<\/em>&#8221; saranno pronti i nerazzurri a dare il massimo in campo per provare a portare a casa due punti preziosi in chiave <em>playoff<\/em>.<\/p>\n<p style=\"text-align: justify;\">In occasione del <em>match<\/em> di andata al PalaBianchini la Benacquista, nonostante l\u2019assenza di Uglietti fermo per infortunio, aveva conquistato la giornata per 90-85 grazie a un\u2019ottima prova corale e sostenuta da tutto il pubblico di casa. Mister tripla <strong>Andrea Pastore<\/strong> \u00e8 determinato &#8220;<em>Non vogliamo mollare, siamo in piena corsa playoff. Conosciamo bene alcuni atleti che fanno parte del roster avversario poich\u00e9\u00a0Mosley e Ihedioha hanno giocato a Latina nella scorsa stagione. Sappiamo che Legnano \u00e8 una squadra forte, fisica e talentuosa e sicuramente pi\u00f9 atletica rispetto alla nostra. Dobbiamo andare l\u00ec senza pensare a cosa \u00e8 successo domenica scorsa per evitare di partire svantaggiati, ma concentrarci unicamente sulla voglia di conquistare i due punti in palio che sono di fondamentale importanza. Dobbiamo fare quel passo in pi\u00f9 per dimostrare che tutto ci\u00f2 che abbiamo costruito fino adesso ce lo siamo guadagnato con il duro lavoro e non per un caso fortuito. Sarebbe importante vincere per risollevare il moral<\/em>e della squadra &#8211; continua il numero 21 di casa Benacquista- <em>\u00a0considerando anche che nel prossimo turno giocheremo nuovamente in trasferta su un altro campo difficile, quello di Reggio Calabria che sta continuando a rinforzarsi. Sar\u00e0 quindi necessario puntare a consolidare quanto di buono espresso fino a questo momento. Lo sappiamo fare e lo abbiamo gi\u00e0 dimostrato in altre occasioni, perch\u00e9 giunti a questo punto non \u00e8 importante entrare nei playoff, ma arrivarci in buona posizione. Non dobbiamo abbassare il livello di concentrazione, n\u00e9 demoralizzarci per la sconfitta di domenica scorsa, bens\u00ec trarre energia e stimoli per andare a Legnano con grinta e determinazione, pronti a giocare la nostra partita e a uscire dal campo a testa alta, con la consapevolezza di aver messo tutto l\u2019impegno necessario per dare il meglio di noi stessi. Prima dell\u2019inizio del campionato nessuno si sarebbe aspettato di vederci in questa posizione in classifica, dato che siamo una squadra giovane, ma grazie agli insegnamenti di coach Gramenzi siamo arrivati a lottare per entrare nella griglia playoff e non vogliamo mollare proprio adesso<\/em>&#8220;.<\/p>\n<p>&nbsp;<\/p>\n<div class=\"radio-posizionamento-telefono-in-articoli-dopo-il-contenuto-articolo radio-entity-placement\" id=\"radio-3396857163\"><div id=\"radio-1999662563\"><a href=\"https:\/\/www.simeoneceramiche.com\/\" aria-label=\"SIMEONE CERAMICHE GIF animata per radioluna_Tavola disegno 1 copia 2 (online-video-cutter.com)\"><img loading=\"lazy\" decoding=\"async\" src=\"https:\/\/www.radioluna.it\/news\/wp-content\/uploads\/2025\/05\/SIMEONE-CERAMICHE-GIF-animata-per-radioluna_Tavola-disegno-1-copia-2-online-video-cutter.com_.gif\" alt=\"\"  width=\"300\" height=\"250\"   \/><\/a><\/div><\/div>","protected":false},"excerpt":{"rendered":"<p>LATINA &#8211; Piena corsa playoff per i nerazzurri della Benacquista Assicurazioni Latina Basket, due trasferte consecutive per i ragazzi di casa che doamani, domenica 26 marzo alle ore 18:00 \u00e8 attesa al PalaEuroimmobiliare per sfidare la TWS Legnano e la settimana prossima invece sar\u00e0 ospite dalla Viola Reggio Calabria al PalaPentimele. In casa Legnano in [&hellip;]<\/p>\n","protected":false},"author":5430,"featured_media":191368,"comment_status":"open","ping_status":"closed","sticky":false,"template":"","format":"standard","meta":{"footnotes":""},"categories":[17],"tags":[],"class_list":["post-191367","post","type-post","status-publish","format-standard","has-post-thumbnail","hentry","category-sport"],"_links":{"self":[{"href":"https:\/\/www.radioluna.it\/news\/wp-json\/wp\/v2\/posts\/191367","targetHints":{"allow":["GET"]}}],"collection":[{"href":"https:\/\/www.radioluna.it\/news\/wp-json\/wp\/v2\/posts"}],"about":[{"href":"https:\/\/www.radioluna.it\/news\/wp-json\/wp\/v2\/types\/post"}],"author":[{"embeddable":true,"href":"https:\/\/www.radioluna.it\/news\/wp-json\/wp\/v2\/users\/5430"}],"replies":[{"embeddable":true,"href":"https:\/\/www.radioluna.it\/news\/wp-json\/wp\/v2\/comments?post=191367"}],"version-history":[{"count":0,"href":"https:\/\/www.radioluna.it\/news\/wp-json\/wp\/v2\/posts\/191367\/revisions"}],"wp:featuredmedia":[{"embeddable":true,"href":"https:\/\/www.radioluna.it\/news\/wp-json\/wp\/v2\/media\/191368"}],"wp:attachment":[{"href":"https:\/\/www.radioluna.it\/news\/wp-json\/wp\/v2\/media?parent=191367"}],"wp:term":[{"taxonomy":"category","embeddable":true,"href":"https:\/\/www.radioluna.it\/news\/wp-json\/wp\/v2\/categories?post=191367"},{"taxonomy":"post_tag","embeddable":true,"href":"https:\/\/www.radioluna.it\/news\/wp-json\/wp\/v2\/tags?post=191367"}],"curies":[{"name":"wp","href":"https:\/\/api.w.org\/{rel}","templated":true}]}}