{"id":191422,"date":"2017-03-27T18:17:27","date_gmt":"2017-03-27T16:17:27","guid":{"rendered":"http:\/\/www.radioluna.it\/news\/?p=191422"},"modified":"2017-03-28T11:43:03","modified_gmt":"2017-03-28T09:43:03","slug":"cori-e-la-canapa-un-evento-in-nome-di-anna-maria-che-si-batte-per-luso-terapeutico","status":"publish","type":"post","link":"https:\/\/www.radioluna.it\/news\/2017\/03\/cori-e-la-canapa-un-evento-in-nome-di-anna-maria-che-si-batte-per-luso-terapeutico\/","title":{"rendered":"Cori e la canapa, un evento in nome di Anna Maria che si batt\u00e9 per l&#8217;uso terapeutico"},"content":{"rendered":"<div id=\"fb-root\"><\/div>\n<div id=\"attachment_191450\" style=\"width: 699px\" class=\"wp-caption aligncenter\"><img loading=\"lazy\" decoding=\"async\" aria-describedby=\"caption-attachment-191450\" class=\"size-thumbnail wp-image-191450\" src=\"http:\/\/www.radioluna.it\/news\/wp-content\/uploads\/2017\/03\/canapaie-di-oggi-689x460.jpg\" alt=\"\" width=\"689\" height=\"460\" srcset=\"https:\/\/www.radioluna.it\/news\/wp-content\/uploads\/2017\/03\/canapaie-di-oggi-689x460.jpg 689w, https:\/\/www.radioluna.it\/news\/wp-content\/uploads\/2017\/03\/canapaie-di-oggi-300x200.jpg 300w, https:\/\/www.radioluna.it\/news\/wp-content\/uploads\/2017\/03\/canapaie-di-oggi-768x512.jpg 768w, https:\/\/www.radioluna.it\/news\/wp-content\/uploads\/2017\/03\/canapaie-di-oggi-800x534.jpg 800w, https:\/\/www.radioluna.it\/news\/wp-content\/uploads\/2017\/03\/canapaie-di-oggi.jpg 1000w\" sizes=\"auto, (max-width: 689px) 100vw, 689px\" \/><p id=\"caption-attachment-191450\" class=\"wp-caption-text\">Una canapaia<\/p><\/div>\n<p style=\"text-align: justify;\"><strong>CORI<\/strong> &#8211; Anna Maria Pistilli, una donna di Cori morta un anno fa di sclerosi multipla, si batt\u00e9 fino all&#8217;ultimo perch\u00e9 ne fosse consentito l&#8217;uso terapeutico. Ma gi\u00e0 del Cinquecento la citt\u00e0 lepina vi fondava la sua economia con le piantagioni a Le Fontanelle e Capo Le Mole. La canapa torna oggi protagonista a Cori con la Festa della Semina in programma domenica 2 Aprile (dalle 11) in piazza Sant\u2019Oliva.<\/p>\n<p style=\"text-align: justify;\">&#8220;L\u2019iniziativa \u00a0&#8211; spiegano gli organizzatori &#8211; \u00a0punta a far conoscere le svariate potenzialit\u00e0 di questa pianta come fonte di reddito, ma anche come possibile soluzione a tanti problemi ecologici e medici. La plastica ottenuta dalla canapa potrebbe sostituire quella generata dal petrolio, per esempio,- con immensi benefici per l\u2019ambiente&#8221;.<br \/>\nPer non parlare del suo impiego nella terapia del dolore, per esempio nelle forme pi\u00f9 aggressive di sclerosi multipla, malattia degenerativa da cui era affetta Anna Maria Pistilli, prima vice presidente del CIP Cori che si \u00e8 battuta fino alla fine per la gratuit\u00e0 della canapa a scopi terapeutici. In quest&#8217;occasione, ad un anno dalla scomparsa verr\u00e0 ricordata, alla presenza del marito Riahi Masqud, con una poesia a lei dedicata.<\/p>\n<p style=\"text-align: justify;\">&#8220;La coltivazione della canapa apparteneva anche alla tradizione locale \u00a0&#8211; dicono dal Cip che organizza l&#8217;evento &#8211; e la Citt\u00e0 di Cori gi\u00e0 nel Cinquecento fondava la sua economia su queste piantagioni, da cui si ricavava materia prima per stoffe e vestiario. Le due principali canapaie locali si trovavano all\u2019epoca nelle localit\u00e0 meglio note come Le Fontanelle e Capo Le Mole, zone che verranno presto rimesse a coltura col reimpianto della canapa da seme.<\/p>\n<p style=\"text-align: justify;\"><strong>IL PROGRAMMA<\/strong> &#8211; La manifestazione inizier\u00e0 alle ore 11:00 con l\u2019apertura degli stand allestiti dagli operatori del settore, che esporranno i derivati della canapa (olio, farine, semi e altri prodotti alimentari).<\/p>\n<p style=\"text-align: justify;\">Nel pomeriggio, dalle ore 15:00, dibattiti e conferenze precederanno il corso base di canapicoltura per agricoltori che intendono sperimentare la coltivazione della canapa.<br \/>\nTra gli interventi: il Consigliere regionale Daniele Fichera, illustrer\u00e0 la legge recentemente approvata dalla Regione Lazio a sostegno della filiera laziale della canapa; l\u2019Ing. Valerio Zucchini, esperto della lavorazione della canapa, parler\u00e0 dei vantaggi di un impianto di prima trasformazione della canapa; il Dott. Riccardo Barbagallo, ricercatore Exenia, presenter\u00e0 il pioneristico impianto di estrazione in CO2 supercritica. In serata musica live con la Margh\u00f2 band di Cori.<\/p>\n<p style=\"text-align: justify;\">L\u2019evento \u00e8 organizzato dall&#8217;associazione Canapa Info Point<\/p>\n<div class=\"radio-posizionamento-telefono-in-articoli-dopo-il-contenuto-articolo radio-entity-placement\" id=\"radio-3843690239\"><div id=\"radio-2523689088\" style=\"width: 300px;height: 250px;\"><a href=\"https:\/\/www.icarspa.it\/auto\/usate\/latina\/\" aria-label=\"banner aprile icar new life &#8211; auto usate latina\"><img loading=\"lazy\" decoding=\"async\" src=\"https:\/\/www.radioluna.it\/news\/wp-content\/uploads\/2026\/02\/banner-aprile-icar-new-life-auto-usate-latina.gif\" alt=\"\"  width=\"300\" height=\"250\"   \/><\/a><\/div><\/div>","protected":false},"excerpt":{"rendered":"<p>CORI &#8211; Anna Maria Pistilli, una donna di Cori morta un anno fa di sclerosi multipla, si batt\u00e9 fino all&#8217;ultimo perch\u00e9 ne fosse consentito l&#8217;uso terapeutico. Ma gi\u00e0 del Cinquecento la citt\u00e0 lepina vi fondava la sua economia con le piantagioni a Le Fontanelle e Capo Le Mole. La canapa torna oggi protagonista a Cori [&hellip;]<\/p>\n","protected":false},"author":62,"featured_media":191450,"comment_status":"open","ping_status":"closed","sticky":false,"template":"","format":"standard","meta":{"footnotes":""},"categories":[16],"tags":[],"class_list":["post-191422","post","type-post","status-publish","format-standard","has-post-thumbnail","hentry","category-appuntamenti"],"_links":{"self":[{"href":"https:\/\/www.radioluna.it\/news\/wp-json\/wp\/v2\/posts\/191422","targetHints":{"allow":["GET"]}}],"collection":[{"href":"https:\/\/www.radioluna.it\/news\/wp-json\/wp\/v2\/posts"}],"about":[{"href":"https:\/\/www.radioluna.it\/news\/wp-json\/wp\/v2\/types\/post"}],"author":[{"embeddable":true,"href":"https:\/\/www.radioluna.it\/news\/wp-json\/wp\/v2\/users\/62"}],"replies":[{"embeddable":true,"href":"https:\/\/www.radioluna.it\/news\/wp-json\/wp\/v2\/comments?post=191422"}],"version-history":[{"count":0,"href":"https:\/\/www.radioluna.it\/news\/wp-json\/wp\/v2\/posts\/191422\/revisions"}],"wp:featuredmedia":[{"embeddable":true,"href":"https:\/\/www.radioluna.it\/news\/wp-json\/wp\/v2\/media\/191450"}],"wp:attachment":[{"href":"https:\/\/www.radioluna.it\/news\/wp-json\/wp\/v2\/media?parent=191422"}],"wp:term":[{"taxonomy":"category","embeddable":true,"href":"https:\/\/www.radioluna.it\/news\/wp-json\/wp\/v2\/categories?post=191422"},{"taxonomy":"post_tag","embeddable":true,"href":"https:\/\/www.radioluna.it\/news\/wp-json\/wp\/v2\/tags?post=191422"}],"curies":[{"name":"wp","href":"https:\/\/api.w.org\/{rel}","templated":true}]}}