{"id":191430,"date":"2017-03-28T01:09:47","date_gmt":"2017-03-27T23:09:47","guid":{"rendered":"http:\/\/www.radioluna.it\/news\/?p=191430"},"modified":"2017-03-28T01:09:47","modified_gmt":"2017-03-27T23:09:47","slug":"aprilia-uccise-la-madre-rinviato-a-giudizio","status":"publish","type":"post","link":"https:\/\/www.radioluna.it\/news\/2017\/03\/aprilia-uccise-la-madre-rinviato-a-giudizio\/","title":{"rendered":"Aprilia, uccise la madre rinviato a giudizio"},"content":{"rendered":"<div id=\"fb-root\"><\/div>\n<p style=\"text-align: justify;\"><a href=\"http:\/\/www.radioluna.it\/news\/wp-content\/uploads\/2016\/05\/Piazza-del-tribunale-con-seminatore.jpg\"><img loading=\"lazy\" decoding=\"async\" class=\"aligncenter size-full wp-image-178294\" src=\"http:\/\/www.radioluna.it\/news\/wp-content\/uploads\/2016\/05\/Piazza-del-tribunale-con-seminatore.jpg\" alt=\"\" width=\"667\" height=\"500\" srcset=\"https:\/\/www.radioluna.it\/news\/wp-content\/uploads\/2016\/05\/Piazza-del-tribunale-con-seminatore.jpg 667w, https:\/\/www.radioluna.it\/news\/wp-content\/uploads\/2016\/05\/Piazza-del-tribunale-con-seminatore-300x225.jpg 300w\" sizes=\"auto, (max-width: 667px) 100vw, 667px\" \/><\/a><\/p>\n<p style=\"text-align: justify;\"><strong>LATINA &#8211;<\/strong> E&#8217; stato rinviato a giudizio per omicidio con l&#8217;accusa di aver ucciso la madre Rosa Grossi di 88 anni.\u00a0 Sar\u00e0 processato il 6 giugno in Corte d&#8217;Assise a Latina Giovanni Zanoli, 62 anni, di Aprilia\u00a0 ritenuto l&#8217;autore dell&#8217;omicidio avvenuto il 10 giugno del 2016 in via Selciatella ad Aprilia. La donna fu picchiata e lasciata agonizzante a casa e fu proprio il figlio a lanciare l&#8217;allarme.\u00a0 Erano stati i carabinieri un mese dopo il delitto al termine di una laboriosa indagine ad arrestare il figlio che in un primo momento aveva sottolineato anche davanti alle telecamere di Quinta Colonna che ad uccidere la mamma\u00a0 era stato qualche balordo a scopo di rapina. L&#8217;abitazione infatti era a soqquadro. &lt;Sar\u00e0 stato qualche balordo&gt;, aveva detto, in realt\u00e0 era una messa in scena secondo la Procura. Per Zanoli adesso inizier\u00f2 il processo insieme a Victor Popa, un romeno che\u00a0 accusato di furto nell&#8217;abitazione dove poi avvenne l&#8217;omicidio.<\/p>\n<p style=\"text-align: justify;\">\n<p>&nbsp;<\/p>\n","protected":false},"excerpt":{"rendered":"<p>LATINA &#8211; E&#8217; stato rinviato a giudizio per omicidio con l&#8217;accusa di aver ucciso la madre Rosa Grossi di 88 anni.\u00a0 Sar\u00e0 processato il 6 giugno in Corte d&#8217;Assise a Latina Giovanni Zanoli, 62 anni, di Aprilia\u00a0 ritenuto l&#8217;autore dell&#8217;omicidio avvenuto il 10 giugno del 2016 in via Selciatella ad Aprilia. La donna fu picchiata [&hellip;]<\/p>\n","protected":false},"author":60,"featured_media":178294,"comment_status":"open","ping_status":"closed","sticky":false,"template":"","format":"standard","meta":{"footnotes":""},"categories":[7],"tags":[],"class_list":["post-191430","post","type-post","status-publish","format-standard","has-post-thumbnail","hentry","category-cronaca"],"_links":{"self":[{"href":"https:\/\/www.radioluna.it\/news\/wp-json\/wp\/v2\/posts\/191430","targetHints":{"allow":["GET"]}}],"collection":[{"href":"https:\/\/www.radioluna.it\/news\/wp-json\/wp\/v2\/posts"}],"about":[{"href":"https:\/\/www.radioluna.it\/news\/wp-json\/wp\/v2\/types\/post"}],"author":[{"embeddable":true,"href":"https:\/\/www.radioluna.it\/news\/wp-json\/wp\/v2\/users\/60"}],"replies":[{"embeddable":true,"href":"https:\/\/www.radioluna.it\/news\/wp-json\/wp\/v2\/comments?post=191430"}],"version-history":[{"count":0,"href":"https:\/\/www.radioluna.it\/news\/wp-json\/wp\/v2\/posts\/191430\/revisions"}],"wp:featuredmedia":[{"embeddable":true,"href":"https:\/\/www.radioluna.it\/news\/wp-json\/wp\/v2\/media\/178294"}],"wp:attachment":[{"href":"https:\/\/www.radioluna.it\/news\/wp-json\/wp\/v2\/media?parent=191430"}],"wp:term":[{"taxonomy":"category","embeddable":true,"href":"https:\/\/www.radioluna.it\/news\/wp-json\/wp\/v2\/categories?post=191430"},{"taxonomy":"post_tag","embeddable":true,"href":"https:\/\/www.radioluna.it\/news\/wp-json\/wp\/v2\/tags?post=191430"}],"curies":[{"name":"wp","href":"https:\/\/api.w.org\/{rel}","templated":true}]}}