{"id":191436,"date":"2017-03-28T09:42:04","date_gmt":"2017-03-28T07:42:04","guid":{"rendered":"http:\/\/www.radioluna.it\/news\/?p=191436"},"modified":"2017-03-29T07:17:15","modified_gmt":"2017-03-29T05:17:15","slug":"latina-lutto-al-san-benedetto-per-la-morte-di-carlo-sannino-il-ricordo-del-dirigente-era-intelligente-e-pieno-di-vita","status":"publish","type":"post","link":"https:\/\/www.radioluna.it\/news\/2017\/03\/latina-lutto-al-san-benedetto-per-la-morte-di-carlo-sannino-il-ricordo-del-dirigente-era-intelligente-e-pieno-di-vita\/","title":{"rendered":"Latina, lutto al San Benedetto per la morte di Carlo Sannino. Il ricordo del dirigente: &#8220;Era intelligente e pieno di vita&#8221;"},"content":{"rendered":"<div id=\"fb-root\"><\/div>\n<div id=\"attachment_191437\" style=\"width: 310px\" class=\"wp-caption alignleft\"><img loading=\"lazy\" decoding=\"async\" aria-describedby=\"caption-attachment-191437\" class=\"wp-image-191437 size-medium\" src=\"http:\/\/www.radioluna.it\/news\/wp-content\/uploads\/2017\/03\/carlo-sannino-1-300x300.jpg\" alt=\"\" width=\"300\" height=\"300\" srcset=\"https:\/\/www.radioluna.it\/news\/wp-content\/uploads\/2017\/03\/carlo-sannino-1-300x300.jpg 300w, https:\/\/www.radioluna.it\/news\/wp-content\/uploads\/2017\/03\/carlo-sannino-1-50x50.jpg 50w, https:\/\/www.radioluna.it\/news\/wp-content\/uploads\/2017\/03\/carlo-sannino-1.jpg 480w\" sizes=\"auto, (max-width: 300px) 100vw, 300px\" \/><p id=\"caption-attachment-191437\" class=\"wp-caption-text\">la foto scelta da Carlo Sannino per il suo profilo Fb<\/p><\/div>\n<p style=\"text-align: justify;\"><strong>LATINA<\/strong> &#8211; Hanno osservato un minuto di silenzio, commossi e addolorati. I 1500 alunni, i loro professori e il personale dell&#8217;Istituto San Benedetto di Borgo Piave si sono fermati per ricordare Carlo Sannino, \u00a0il 18enne di Anzio morto domenica notte sulla Nettunense \u00a0mentre alla guida di una Matiz affrontava la curva di Santa Teresa. L&#8217;auto ha perso aderenza nel tratto, si \u00e8 ribaltata pi\u00f9 volte e per lo studente, neopatentato, non c&#8217;\u00e8 stato nulla da fare.<\/p>\n<p style=\"text-align: justify;\">Sconvolti i compagni di scuola al loro arrivo in classe ieri mattina quando hanno appreso dell&#8217;incidente mortale. Nella VB dell&#8217;indirizzo chimico era uno dei bravi. &#8220;Era un ragazzo intelligente e pieno di vita, una notizia che ci ha lasciato senza parole &#8211; ha commentato il dirigente scolastico Vincenzo Lifranchi &#8211; \u00a0Con i suoi compagni aveva da poco festeggiato il Mac P 100 nella prospettiva di terminare la scuola e cominciare il lavoro&#8221;. Era uno studente in gamba Carlo Sannino, si sarebbe diplomato fra pochi mesi, diventando tecnico \u00a0chimico: &#8220;Aveva svolto con successo anche periodi di alternanza nella aziende farmaceutiche, segno delle sie competenze e della sua seriet\u00e0. Per noi \u00a0\u00e8 una grave perdita&#8221;.<\/p>\n<p style=\"text-align: justify;\">Anche lo sport perde \u00a0un appassionato. La foto scelta per raccontarsi su Fb era su un campo federale, mentre gareggia nel sollevamento pesi e sognava le Olimpiadi. Uno sport che aveva fatto di Carlo un omone: &#8220;Sulla sua mole avevamo scherzato solo \u00a0pochi giorni fa mentre mi chiedeva notizie di una somma che la scuola gli doveva rimborsare per una gita. &#8220;Carlo, non essere minaccioso con me, \u00a0gli avevo detto ridendo &#8211; \u00a0racconta ancora il dirigente scolastico &#8211; Lui aveva risposto con la sua dolcezza: &#8220;Con lei mai preside&#8221;.<\/p>\n<p style=\"text-align: justify;\">La scuola si strige alla famiglia, ai parenti e agli amici del ragazzo.<\/p>\n<p style=\"text-align: justify;\">I funerali si svolgeranno \u00a0mercoled\u00ec, alle 15, nella basilica di Santa Teresa, ad Anzio.<\/p>\n","protected":false},"excerpt":{"rendered":"<p>LATINA &#8211; Hanno osservato un minuto di silenzio, commossi e addolorati. I 1500 alunni, i loro professori e il personale dell&#8217;Istituto San Benedetto di Borgo Piave si sono fermati per ricordare Carlo Sannino, \u00a0il 18enne di Anzio morto domenica notte sulla Nettunense \u00a0mentre alla guida di una Matiz affrontava la curva di Santa Teresa. L&#8217;auto [&hellip;]<\/p>\n","protected":false},"author":62,"featured_media":191447,"comment_status":"open","ping_status":"closed","sticky":false,"template":"","format":"standard","meta":{"footnotes":""},"categories":[7],"tags":[],"class_list":["post-191436","post","type-post","status-publish","format-standard","has-post-thumbnail","hentry","category-cronaca"],"_links":{"self":[{"href":"https:\/\/www.radioluna.it\/news\/wp-json\/wp\/v2\/posts\/191436","targetHints":{"allow":["GET"]}}],"collection":[{"href":"https:\/\/www.radioluna.it\/news\/wp-json\/wp\/v2\/posts"}],"about":[{"href":"https:\/\/www.radioluna.it\/news\/wp-json\/wp\/v2\/types\/post"}],"author":[{"embeddable":true,"href":"https:\/\/www.radioluna.it\/news\/wp-json\/wp\/v2\/users\/62"}],"replies":[{"embeddable":true,"href":"https:\/\/www.radioluna.it\/news\/wp-json\/wp\/v2\/comments?post=191436"}],"version-history":[{"count":0,"href":"https:\/\/www.radioluna.it\/news\/wp-json\/wp\/v2\/posts\/191436\/revisions"}],"wp:featuredmedia":[{"embeddable":true,"href":"https:\/\/www.radioluna.it\/news\/wp-json\/wp\/v2\/media\/191447"}],"wp:attachment":[{"href":"https:\/\/www.radioluna.it\/news\/wp-json\/wp\/v2\/media?parent=191436"}],"wp:term":[{"taxonomy":"category","embeddable":true,"href":"https:\/\/www.radioluna.it\/news\/wp-json\/wp\/v2\/categories?post=191436"},{"taxonomy":"post_tag","embeddable":true,"href":"https:\/\/www.radioluna.it\/news\/wp-json\/wp\/v2\/tags?post=191436"}],"curies":[{"name":"wp","href":"https:\/\/api.w.org\/{rel}","templated":true}]}}