{"id":191597,"date":"2017-03-31T21:35:44","date_gmt":"2017-03-31T19:35:44","guid":{"rendered":"http:\/\/www.radioluna.it\/news\/?p=191597"},"modified":"2017-04-01T22:57:15","modified_gmt":"2017-04-01T20:57:15","slug":"da-latina-a-lavarone-tutti-insieme-per-il-giardino-di-eugenio-sorgera-in-via-tuscolo","status":"publish","type":"post","link":"https:\/\/www.radioluna.it\/news\/2017\/03\/da-latina-a-lavarone-tutti-insieme-per-il-giardino-di-eugenio-sorgera-in-via-tuscolo\/","title":{"rendered":"Da Latina a Lavarone, tutti insieme per Il Giardino di Eugenio. Sorger\u00e0 in Via Tuscolo"},"content":{"rendered":"<div id=\"fb-root\"><\/div>\n<div id=\"attachment_191598\" style=\"width: 699px\" class=\"wp-caption aligncenter\"><img loading=\"lazy\" decoding=\"async\" aria-describedby=\"caption-attachment-191598\" class=\"size-thumbnail wp-image-191598\" src=\"http:\/\/www.radioluna.it\/news\/wp-content\/uploads\/2017\/03\/legno-689x388.jpg\" alt=\"\" width=\"689\" height=\"388\" srcset=\"https:\/\/www.radioluna.it\/news\/wp-content\/uploads\/2017\/03\/legno-689x388.jpg 689w, https:\/\/www.radioluna.it\/news\/wp-content\/uploads\/2017\/03\/legno-300x169.jpg 300w, https:\/\/www.radioluna.it\/news\/wp-content\/uploads\/2017\/03\/legno-768x432.jpg 768w, https:\/\/www.radioluna.it\/news\/wp-content\/uploads\/2017\/03\/legno-800x450.jpg 800w, https:\/\/www.radioluna.it\/news\/wp-content\/uploads\/2017\/03\/legno.jpg 1000w\" sizes=\"auto, (max-width: 689px) 100vw, 689px\" \/><p id=\"caption-attachment-191598\" class=\"wp-caption-text\">Il legno di larice scelto per le panchine che saranno donate dal comune di Lavarone<\/p><\/div>\n<p style=\"text-align: justify;\"><strong>LATINA &#8211;<\/strong>\u00a0Arriveranno dall&#8217;Alpe Cimbra le panchine per Il Giardino di Eugenio. Perch\u00e9 anche lass\u00f9, tra i monti del Trentino, hanno pianto per lui.<br \/>\nA Latina invece si sono mosse associazioni, amici e semplici conoscenti, compagni di classe e di scuola, colleghi di lavoro e tanti singoli cittadini rimasti anonimi che hanno donato somme piccole e grandi. Il pap\u00e0 di un noto cantautore ha portato un camion di terriccio. Un gruppo di professionisti si \u00e8 messo al servizio della causa scegliendo le piante, disegnando il progetto e infine preparando la pratica, perch\u00e9 fosse in regola, pronta per essere presentata all&#8217;approvazione dell&#8217;Amministrazione. Una prova corale per Latina dopo che la citt\u00e0 intera a dicembre aveva pregato perch\u00e9 la storia del quindicenne precipitato da un lucernaio che si \u00e8 rotto sotto il suo peso, potesse avere un altro finale.<br \/>\nIl desiderio di dare un senso nuovo e ulteriore al giardino di Via Tuscolo che si trova di fronte all\u2019uscita posteriore della scuola elementare che Eugenio aveva frequentato, e vicino alla piazzetta dove si incontrava con i suoi amici, era stato espresso dal pap\u00e0 Bruno Mucci proprio nei giorni pi\u00f9 bui e in un attimo raccolto dagli amici del Gigante Buono. \u201cE&#8217; incredibile la partecipazione che abbiamo avuto, \u00e8 un&#8217;energia positiva che ci d\u00e0 forza. Ognuno ci ha messo qualcosa, ed \u00e8 cos\u00ec che deve diventare Il Giardino di Eugenio, un luogo di tutti. Un posto in cui poter riflettere sul bene pi\u00f9 grande che abbiamo: la vita\u201d.<\/p>\n<div id=\"attachment_191606\" style=\"width: 179px\" class=\"wp-caption alignleft\"><img loading=\"lazy\" decoding=\"async\" aria-describedby=\"caption-attachment-191606\" class=\"wp-image-191606 size-medium\" src=\"http:\/\/www.radioluna.it\/news\/wp-content\/uploads\/2017\/03\/progetto-169x300.jpg\" alt=\"\" width=\"169\" height=\"300\" srcset=\"https:\/\/www.radioluna.it\/news\/wp-content\/uploads\/2017\/03\/progetto-169x300.jpg 169w, https:\/\/www.radioluna.it\/news\/wp-content\/uploads\/2017\/03\/progetto-577x1024.jpg 577w, https:\/\/www.radioluna.it\/news\/wp-content\/uploads\/2017\/03\/progetto.jpg 640w\" sizes=\"auto, (max-width: 169px) 100vw, 169px\" \/><p id=\"caption-attachment-191606\" class=\"wp-caption-text\">Il progetto<\/p><\/div>\n<p style=\"text-align: justify;\">Ci saranno cinque panchine in legno di larice realizzate da un artigiano trentino e donate dal Comune di Lavarone dove Eugenio ha scorrazzato durante le vacanze con la famiglia, durante i 15 anni vissuti. Saranno disposte in cerchio, intorno ad un grande Cerro: una per la piccola Elena, due pi\u00f9 grandi per \u00a0Francesco e Valeria. E poi quelle dei genitori Carla e Bruno. Tutto intorno, piante e fiori ai quali, di certo, non mancheranno le cure.<br \/>\nOra si attende l&#8217;ultimo passaggio, l&#8217;ok della giunta che sembra scontato. Poi il 9 maggio, il Giardino sar\u00e0 pronto per essere inaugurato con una festa e un sano torneo di calcetto.<br \/>\nSar\u00e0 il giorno del compleanno di Eugenio. Il primo senza di lui. Non chiamatelo sentimentalismo per favore. Non lo \u00e8: \u00e8 la vita che continua anche per ricordarci chi l&#8217;ha persa troppo presto.<\/p>\n","protected":false},"excerpt":{"rendered":"<p>LATINA &#8211;\u00a0Arriveranno dall&#8217;Alpe Cimbra le panchine per Il Giardino di Eugenio. Perch\u00e9 anche lass\u00f9, tra i monti del Trentino, hanno pianto per lui. A Latina invece si sono mosse associazioni, amici e semplici conoscenti, compagni di classe e di scuola, colleghi di lavoro e tanti singoli cittadini rimasti anonimi che hanno donato somme piccole e [&hellip;]<\/p>\n","protected":false},"author":62,"featured_media":191598,"comment_status":"open","ping_status":"closed","sticky":false,"template":"","format":"standard","meta":{"footnotes":""},"categories":[735],"tags":[],"class_list":["post-191597","post","type-post","status-publish","format-standard","has-post-thumbnail","hentry","category-attualita"],"_links":{"self":[{"href":"https:\/\/www.radioluna.it\/news\/wp-json\/wp\/v2\/posts\/191597","targetHints":{"allow":["GET"]}}],"collection":[{"href":"https:\/\/www.radioluna.it\/news\/wp-json\/wp\/v2\/posts"}],"about":[{"href":"https:\/\/www.radioluna.it\/news\/wp-json\/wp\/v2\/types\/post"}],"author":[{"embeddable":true,"href":"https:\/\/www.radioluna.it\/news\/wp-json\/wp\/v2\/users\/62"}],"replies":[{"embeddable":true,"href":"https:\/\/www.radioluna.it\/news\/wp-json\/wp\/v2\/comments?post=191597"}],"version-history":[{"count":0,"href":"https:\/\/www.radioluna.it\/news\/wp-json\/wp\/v2\/posts\/191597\/revisions"}],"wp:featuredmedia":[{"embeddable":true,"href":"https:\/\/www.radioluna.it\/news\/wp-json\/wp\/v2\/media\/191598"}],"wp:attachment":[{"href":"https:\/\/www.radioluna.it\/news\/wp-json\/wp\/v2\/media?parent=191597"}],"wp:term":[{"taxonomy":"category","embeddable":true,"href":"https:\/\/www.radioluna.it\/news\/wp-json\/wp\/v2\/categories?post=191597"},{"taxonomy":"post_tag","embeddable":true,"href":"https:\/\/www.radioluna.it\/news\/wp-json\/wp\/v2\/tags?post=191597"}],"curies":[{"name":"wp","href":"https:\/\/api.w.org\/{rel}","templated":true}]}}