{"id":191618,"date":"2017-03-31T09:58:52","date_gmt":"2017-03-31T07:58:52","guid":{"rendered":"http:\/\/www.radioluna.it\/news\/?p=191618"},"modified":"2017-04-20T09:43:35","modified_gmt":"2017-04-20T07:43:35","slug":"benacquista-basket-u18-eccellenza-conquistano-empoli","status":"publish","type":"post","link":"https:\/\/www.radioluna.it\/news\/2017\/03\/benacquista-basket-u18-eccellenza-conquistano-empoli\/","title":{"rendered":"Benacquista Basket: U18 Eccellenza conquistano Empoli"},"content":{"rendered":"<div id=\"fb-root\"><\/div>\n<p style=\"text-align: justify\"><a href=\"http:\/\/www.radioluna.it\/news\/wp-content\/uploads\/2017\/03\/foto-2-1024x650.jpg\"><img loading=\"lazy\" decoding=\"async\" class=\"aligncenter wp-image-191623 size-thumbnail\" src=\"http:\/\/www.radioluna.it\/news\/wp-content\/uploads\/2017\/03\/foto-2-1024x650-689x438.jpg\" alt=\"\" width=\"689\" height=\"438\" srcset=\"https:\/\/www.radioluna.it\/news\/wp-content\/uploads\/2017\/03\/foto-2-1024x650-689x438.jpg 689w, https:\/\/www.radioluna.it\/news\/wp-content\/uploads\/2017\/03\/foto-2-1024x650-300x191.jpg 300w, https:\/\/www.radioluna.it\/news\/wp-content\/uploads\/2017\/03\/foto-2-1024x650-768x488.jpg 768w, https:\/\/www.radioluna.it\/news\/wp-content\/uploads\/2017\/03\/foto-2-1024x650-800x508.jpg 800w, https:\/\/www.radioluna.it\/news\/wp-content\/uploads\/2017\/03\/foto-2-1024x650.jpg 1000w\" sizes=\"auto, (max-width: 689px) 100vw, 689px\" \/><\/a><\/p>\n<p style=\"text-align: justify\"><strong>LATINA- I giovani nerazzurri del Gruppo Under 18 Eccellenza della Benacquista Latina targata Itas Assicurazioni conquistano la terza giornata dell&#8217;Interzona per\u00a061-67 (19-17, 30-38, 43-49) sul difficile campo di Empoli in un&#8217;ottima prestazione di squadra<\/strong>.<\/p>\n<p style=\"text-align: justify\"><em>Coach<\/em> <strong>Massimiliano Briscese<\/strong> al termine della sfida con la squadra toscana dell\u2019USE Empoli ha evidenziato la difficolt\u00e0 dell\u2019incontro nella seconda trasferta consecutiva &#8220;<em>i ragazzi sono stati molto bravi, hanno giocato una pallacanestro di qualit\u00e0. \u00c8 stata un\u2019altra trasferta difficile nella quale abbiamo affrontato una formazione molto apprezzata che gioca una pallacanestro intensa, in una piazza dalla grande tradizione cestistica. I ragazzi hanno giocato con la massima concentrazione, il massimo cuore e la massima capacit\u00e0 di lettura della partita dal punto di vista tecnico. Una sfida difficile in cui i nostri avversari hanno provato a imprimere subito il loro ritmo alla gara, sulla base delle loro caratteristiche di squadra, ma siamo stati bravi nel riuscire a tenere bene il campo e a imporre a nostra volta il gioco a noi pi\u00f9 congeniale. Abbiamo saputo giocare di qualit\u00e0, correre, prendere dei tiri ben costruiti, fare le scelte giuste e soprattutto giocare una buona pallacanestro. Mi riempie di gioia vedere che i ragazzi hanno acquisito ancora maggiore qualit\u00e0 dal punto di vista tecnico, tattico e caratteriale, in particolare modo se si tratta di partite disputate lontano da casa, attivit\u00e0 che un gruppo del settore giovanile non fa abitualmente. Vittorie meritate come quella conquistata a Empoli ci gratificano soprattutto per i visibili progressi dal punto di vista della formazione umana e tecnica dei ragazzi. Siamo moderatamente contenti per questo ulteriore passo in avanti che abbiamo compiuto, ma non siamo certo alla fine del percorso, perch\u00e9 gi\u00e0 da gioved\u00ec prossimo ci attende un\u2019altra stimolante prova con la squadra di Napoli. Speriamo di poter recuperare la buona forma fisica di tutti i nostri atleti che in questo ultimo periodo hanno avuto qualche lieve malessere<\/em>&#8220;.<\/p>\n<p style=\"text-align: justify\">Dopo questo importante successo i nerazzurri riprenderanno subito gli allenamenti in vista della prossima partita tornando finalmente tra le mura amiche del PalaLatinaBasket in cui ospiteranno la formazione del<strong> Vivi Basket Napoli gioved\u00ec 6 aprile alle ore 20:00,<\/strong> un&#8217;altra compagine a punteggio pieno, per un importante scontro al vertice.<\/p>\n<div class=\"radio-posizionamento-telefono-in-articoli-dopo-il-contenuto-articolo radio-entity-placement\" id=\"radio-1353981487\"><div id=\"radio-2351300741\"><a href=\"https:\/\/grupporedi.it\/\" aria-label=\"Redi-Qr\"><img loading=\"lazy\" decoding=\"async\" src=\"https:\/\/www.radioluna.it\/news\/wp-content\/uploads\/2026\/03\/Redi-Qr.jpg\" alt=\"\"  srcset=\"https:\/\/www.radioluna.it\/news\/wp-content\/uploads\/2026\/03\/Redi-Qr.jpg 800w, https:\/\/www.radioluna.it\/news\/wp-content\/uploads\/2026\/03\/Redi-Qr-768x639.jpg 768w\" sizes=\"(max-width: 800px) 100vw, 800px\" width=\"300\" height=\"250\"   \/><\/a><\/div><\/div>","protected":false},"excerpt":{"rendered":"<p>LATINA- I giovani nerazzurri del Gruppo Under 18 Eccellenza della Benacquista Latina targata Itas Assicurazioni conquistano la terza giornata dell&#8217;Interzona per\u00a061-67 (19-17, 30-38, 43-49) sul difficile campo di Empoli in un&#8217;ottima prestazione di squadra. Coach Massimiliano Briscese al termine della sfida con la squadra toscana dell\u2019USE Empoli ha evidenziato la difficolt\u00e0 dell\u2019incontro nella seconda trasferta [&hellip;]<\/p>\n","protected":false},"author":5430,"featured_media":191623,"comment_status":"open","ping_status":"closed","sticky":false,"template":"","format":"standard","meta":{"footnotes":""},"categories":[17],"tags":[],"class_list":["post-191618","post","type-post","status-publish","format-standard","has-post-thumbnail","hentry","category-sport"],"_links":{"self":[{"href":"https:\/\/www.radioluna.it\/news\/wp-json\/wp\/v2\/posts\/191618","targetHints":{"allow":["GET"]}}],"collection":[{"href":"https:\/\/www.radioluna.it\/news\/wp-json\/wp\/v2\/posts"}],"about":[{"href":"https:\/\/www.radioluna.it\/news\/wp-json\/wp\/v2\/types\/post"}],"author":[{"embeddable":true,"href":"https:\/\/www.radioluna.it\/news\/wp-json\/wp\/v2\/users\/5430"}],"replies":[{"embeddable":true,"href":"https:\/\/www.radioluna.it\/news\/wp-json\/wp\/v2\/comments?post=191618"}],"version-history":[{"count":0,"href":"https:\/\/www.radioluna.it\/news\/wp-json\/wp\/v2\/posts\/191618\/revisions"}],"wp:featuredmedia":[{"embeddable":true,"href":"https:\/\/www.radioluna.it\/news\/wp-json\/wp\/v2\/media\/191623"}],"wp:attachment":[{"href":"https:\/\/www.radioluna.it\/news\/wp-json\/wp\/v2\/media?parent=191618"}],"wp:term":[{"taxonomy":"category","embeddable":true,"href":"https:\/\/www.radioluna.it\/news\/wp-json\/wp\/v2\/categories?post=191618"},{"taxonomy":"post_tag","embeddable":true,"href":"https:\/\/www.radioluna.it\/news\/wp-json\/wp\/v2\/tags?post=191618"}],"curies":[{"name":"wp","href":"https:\/\/api.w.org\/{rel}","templated":true}]}}