{"id":191696,"date":"2017-04-01T17:36:39","date_gmt":"2017-04-01T15:36:39","guid":{"rendered":"http:\/\/www.radioluna.it\/news\/?p=191696"},"modified":"2017-04-01T20:37:37","modified_gmt":"2017-04-01T18:37:37","slug":"questa-sera-latina-basket-al-palapentimele","status":"publish","type":"post","link":"https:\/\/www.radioluna.it\/news\/2017\/04\/questa-sera-latina-basket-al-palapentimele\/","title":{"rendered":"Sabato sera Latina Basket al PalaPentimele"},"content":{"rendered":"<div id=\"fb-root\"><\/div>\n<p style=\"text-align: justify\"><strong><a href=\"http:\/\/www.radioluna.it\/news\/wp-content\/uploads\/2017\/04\/giovanni-allodi-ritagliato-1170x650.jpg\"><img loading=\"lazy\" decoding=\"async\" class=\"aligncenter wp-image-191699 size-thumbnail\" src=\"http:\/\/www.radioluna.it\/news\/wp-content\/uploads\/2017\/04\/giovanni-allodi-ritagliato-1170x650-689x383.jpg\" alt=\"\" width=\"689\" height=\"383\" srcset=\"https:\/\/www.radioluna.it\/news\/wp-content\/uploads\/2017\/04\/giovanni-allodi-ritagliato-1170x650-689x383.jpg 689w, https:\/\/www.radioluna.it\/news\/wp-content\/uploads\/2017\/04\/giovanni-allodi-ritagliato-1170x650-300x167.jpg 300w, https:\/\/www.radioluna.it\/news\/wp-content\/uploads\/2017\/04\/giovanni-allodi-ritagliato-1170x650-768x427.jpg 768w, https:\/\/www.radioluna.it\/news\/wp-content\/uploads\/2017\/04\/giovanni-allodi-ritagliato-1170x650-800x445.jpg 800w, https:\/\/www.radioluna.it\/news\/wp-content\/uploads\/2017\/04\/giovanni-allodi-ritagliato-1170x650.jpg 1000w\" sizes=\"auto, (max-width: 689px) 100vw, 689px\" \/><\/a><\/strong><\/p>\n<p style=\"text-align: justify\"><strong>LATINA- Questa sera alle 20,30 al PalaPentimele la\u00a0Benacquista Assicurazioni Latina Basket affronter\u00e0<\/strong> nella seconda trasferta consecutiva la formazione della <strong>Viola Reggio Calabria<\/strong> nell&#8217;anticipo della dodicesima giornata di ritorno del Campionato di Serie A2 Citroen, Girone ovest.<\/p>\n<p style=\"text-align: justify\">Un sabato sera all&#8217;insegna della buona pallacanestro,\u00a0le \u00a0squadre si daranno battaglia per riuscire a conquistare\u00a0l&#8217;intera posta in palio,\u00a0entrambe le formazioni puntano a smuovere la\u00a0classifica, i calabresi in chiave salvezza mentre i pontini puntano ai \u00a0<em>playoff<\/em>. \u00a0Reggio Calabria \u00e8 attualmente a quota 16 punti in classifica insieme alla Givova Scafati ed \u00e8 lanciata nella corsa per conquistare la permanenza nella categoria, la Benacquista, con 28 punti, \u00e8 in corsa per entrare nella griglia <em>playoff<\/em>.\u00a0In occasione dell\u2019incontro del girone di andata al PalaBianchini il risultato aveva visto la vittoria per i padroni di casa con il risultato finale di 93-90, adesso \u00e8 ancora forte la determinazione nerazzurra dopo Agropoli e Legnano nonostante Latina sia ancora alle prese con alcuni infortuni al contrario della Viola che si \u00e8 rinnovata sia in panchina che nel <em>roster<\/em>.<\/p>\n<p style=\"text-align: justify\">Mancano ormai quattro giornate al termine della <em>regular season<\/em> e questo ultimo periodo sar\u00e0 davvero emozionante per tutte le squadre che lottano per l&#8217;obiettivo <em>playoff, \u00a0<\/em>il capo allenatore <strong>Franco Gramenzi evidenzia queste ultime giornate\u00a0<\/strong>&#8220;<em>entriamo nell\u2019ultimo caldo mese della regular season e per quanto ci riguarda ogni partita diventa determinante per decretare l\u2019accesso ai playoff. Nel caso del nostro prossimo avversario, la Viola Reggio Calabria, lo diventa in chiave salvezza quindi sappiamo bene quale tipologia di gara ci attende nell\u2019anticipo di sabato sera al PalaPentimele. Dal canto nostro, nonostante i soliti infortuni e altre piccole cose, in linea di massima veniamo da una settimana positiva dal punto di vista degli allenamenti e dobbiamo rimediare alle ultime due prestazioni assolutamente non brillanti. Sappiamo di affrontare una squadra rinnovata, gi\u00e0 precedentemente con l\u2019avvicendamento del coach in panchina, e ora con l\u2019inserimento di Powell che se schierato potrebbe cambiare determinati equilibri di squadra. Ci siamo preparati per entrambe le possibilit\u00e0 e puntiamo a giocare al meglio delle nostre possibilit\u00e0 questa difficile gara<\/em>&#8220;. Anche il giovane centro\u00a0Giovanni Allodi\u00a0 \u00e8 pronto insieme ai suoi compagni ad affrontare la difficile gara di questa sera, sabato primo aprile, &#8220;<em>Reggio sar\u00e0 una trasferta difficile, ma vogliamo tornare al successo. Siamo reduci da due brutte prestazioni, in particolare nella sfida con Legnano abbiamo sbagliato troppe cose soprattutto in attacco con poca circolazione di palla, e senza eseguire bene i nostri giochi. Essendo nella parte finale della stagione potrebbe in parte aver inciso la stanchezza, dato che per il nostro modo di giocare dobbiamo essere molto concentrati e la stanchezza fisica comporta pi\u00f9 facilmente delle disattenzioni mentali. Ora desideriamo riscattarci e risollevarci, perch\u00e9 fin dall\u2019inizio della stagione ci siamo posti degli obiettivi con la consapevolezza che impegnandoci li avremmo raggiunti, ed \u00e8 stato cos\u00ec. In questo momento abbiamo il grande desiderio di conquistare l\u2019accesso ai playoff, per questo motivo stiamo continuando ad allenarci con determinazione e voglia di vincere, nonostante le difficolt\u00e0 che scaturiscono dall&#8217;affrontare\u00a0due trasferte lontane consecutive. Sappiamo che ci troveremo di fronte una squadra agguerrita, rinnovata non soltanto nel roster, dove ci sono stati degli innesti di assoluto valore individuale come Voskuil e Powell, entrambi giocatori esperti e determinanti, ma sostenuta anche da reiterato entusiasmo e ambizione di conquistare il maggior numero di punti possibile fino alla fine della stagione regolare, che risulteranno fondamentali in chiave salvezza. Contro la Viola, al PalaPentimele, scenderemo in campo concentrati e consapevoli di poter giocare la nostra partita puntando a dare il massim<\/em>o&#8221;.<\/p>\n<div class=\"radio-posizionamento-telefono-in-articoli-dopo-il-contenuto-articolo radio-entity-placement\" id=\"radio-1137197981\"><div id=\"radio-1234472099\"><a href=\"https:\/\/www.simeoneceramiche.com\/\" aria-label=\"SIMEONE CERAMICHE GIF animata per radioluna_Tavola disegno 1 copia 2 (online-video-cutter.com)\"><img loading=\"lazy\" decoding=\"async\" src=\"https:\/\/www.radioluna.it\/news\/wp-content\/uploads\/2025\/05\/SIMEONE-CERAMICHE-GIF-animata-per-radioluna_Tavola-disegno-1-copia-2-online-video-cutter.com_.gif\" alt=\"\"  width=\"300\" height=\"250\"   \/><\/a><\/div><\/div>","protected":false},"excerpt":{"rendered":"<p>LATINA- Questa sera alle 20,30 al PalaPentimele la\u00a0Benacquista Assicurazioni Latina Basket affronter\u00e0 nella seconda trasferta consecutiva la formazione della Viola Reggio Calabria nell&#8217;anticipo della dodicesima giornata di ritorno del Campionato di Serie A2 Citroen, Girone ovest. Un sabato sera all&#8217;insegna della buona pallacanestro,\u00a0le \u00a0squadre si daranno battaglia per riuscire a conquistare\u00a0l&#8217;intera posta in palio,\u00a0entrambe le [&hellip;]<\/p>\n","protected":false},"author":5430,"featured_media":191699,"comment_status":"open","ping_status":"closed","sticky":false,"template":"","format":"standard","meta":{"footnotes":""},"categories":[17],"tags":[],"class_list":["post-191696","post","type-post","status-publish","format-standard","has-post-thumbnail","hentry","category-sport"],"_links":{"self":[{"href":"https:\/\/www.radioluna.it\/news\/wp-json\/wp\/v2\/posts\/191696","targetHints":{"allow":["GET"]}}],"collection":[{"href":"https:\/\/www.radioluna.it\/news\/wp-json\/wp\/v2\/posts"}],"about":[{"href":"https:\/\/www.radioluna.it\/news\/wp-json\/wp\/v2\/types\/post"}],"author":[{"embeddable":true,"href":"https:\/\/www.radioluna.it\/news\/wp-json\/wp\/v2\/users\/5430"}],"replies":[{"embeddable":true,"href":"https:\/\/www.radioluna.it\/news\/wp-json\/wp\/v2\/comments?post=191696"}],"version-history":[{"count":0,"href":"https:\/\/www.radioluna.it\/news\/wp-json\/wp\/v2\/posts\/191696\/revisions"}],"wp:featuredmedia":[{"embeddable":true,"href":"https:\/\/www.radioluna.it\/news\/wp-json\/wp\/v2\/media\/191699"}],"wp:attachment":[{"href":"https:\/\/www.radioluna.it\/news\/wp-json\/wp\/v2\/media?parent=191696"}],"wp:term":[{"taxonomy":"category","embeddable":true,"href":"https:\/\/www.radioluna.it\/news\/wp-json\/wp\/v2\/categories?post=191696"},{"taxonomy":"post_tag","embeddable":true,"href":"https:\/\/www.radioluna.it\/news\/wp-json\/wp\/v2\/tags?post=191696"}],"curies":[{"name":"wp","href":"https:\/\/api.w.org\/{rel}","templated":true}]}}