{"id":192274,"date":"2017-04-14T09:07:25","date_gmt":"2017-04-14T07:07:25","guid":{"rendered":"http:\/\/www.radioluna.it\/news\/?p=192274"},"modified":"2017-04-14T09:07:25","modified_gmt":"2017-04-14T07:07:25","slug":"rottamazione-delle-cartelle-di-equitalia-soluzione-in-vista-per-il-durc","status":"publish","type":"post","link":"https:\/\/www.radioluna.it\/news\/2017\/04\/rottamazione-delle-cartelle-di-equitalia-soluzione-in-vista-per-il-durc\/","title":{"rendered":"Rottamazione delle cartelle di Equitalia, soluzione in vista per il Durc"},"content":{"rendered":"<div id=\"fb-root\"><\/div>\n<div id=\"attachment_161562\" style=\"width: 235px\" class=\"wp-caption alignleft\"><img loading=\"lazy\" decoding=\"async\" aria-describedby=\"caption-attachment-161562\" class=\"wp-image-161562 size-full\" src=\"http:\/\/www.radioluna.it\/news\/wp-content\/uploads\/2015\/03\/motolese.jpg\" alt=\"\" width=\"225\" height=\"225\" srcset=\"https:\/\/www.radioluna.it\/news\/wp-content\/uploads\/2015\/03\/motolese.jpg 225w, https:\/\/www.radioluna.it\/news\/wp-content\/uploads\/2015\/03\/motolese-150x150.jpg 150w, https:\/\/www.radioluna.it\/news\/wp-content\/uploads\/2015\/03\/motolese-80x80.jpg 80w, https:\/\/www.radioluna.it\/news\/wp-content\/uploads\/2015\/03\/motolese-50x50.jpg 50w\" sizes=\"auto, (max-width: 225px) 100vw, 225px\" \/><p id=\"caption-attachment-161562\" class=\"wp-caption-text\">Sverio Motolese direttore di Federlazio Latina<\/p><\/div>\n<p style=\"text-align: justify;\"><strong>LATINA<\/strong> &#8211; Federlazio Latina ha incontrato \u00a0ieri (gioved\u00ec 6) il senatore pontino del Pd Claudio Moscardelli al quale ha chiesto di intervenire urgentemente per velocizzare l\u2019approvazione di un emendamento che vada a correggere la norma che disciplina la rottamazione delle cartelle di Equitalia.<\/p>\n<p style=\"text-align: justify;\">&#8220;Il punto \u00e8 il seguente &#8211; spiega Saverio Motolese, direttore di Federlazio- l\u2019impresa che chiede l\u2019accesso alla\u00a0definizione agevolata\u00a0delle cartelle esattoriali relative a\u00a0contributi previdenziali\u00a0in base a quanto previsto dal\u00a0Dl 193\/2016,\u00a0risulta con\u00a0DURC irregolare\u00a0fino a quando non paga la prima o unica rata prevista dal piano messo a punto con Equitalia in seguito alla richiesta.\u00a0Parliamo di un periodo che va dal 31 marzo termine ultimo di presentazione della domanda di rottamazione,\u00a0fino alla fine di giugno con la conseguenza che in questo lasso temporale risulta pregiudicata la\u00a0partecipazione a\u00a0gare e appalti\u00a0e a tutti gli adempimenti\u00a0che richiedono un DURC in corso di validit\u00e0.<\/p>\n<p style=\"text-align: justify;\">\n<p style=\"text-align: justify;\"><strong>&#8220;RISPOSTA POSITIVA&#8221;<\/strong> &#8211; \u201cIl problema \u00a0&#8211; chiarisce Moscardelli &#8211; attiene all&#8217;esigenza dell&#8217;immediato rilascio del DURC da parte dell&#8217;INPS nel momento in cui l&#8217;impresa fa richiesta di definizione agevolata delle cartelle esattoriali per debiti contributivi. Gli attuali e necessari tempi di lavorazione delle cartelle impediscono alle imprese di avere subito disponibile il DURC e perdono cos\u00ec importanti opportunit\u00e0 di partecipare a gare d&#8217;appalto . Mi sono attivato immediatamente con il Governo \u00e8 in particolare con il MEF. Ho trovato ascolto e attenzione al problema segnalato da molti. La risposta \u00e8 stata positiva in quanto il rilascio immediato del DURC \u00e8 stato inserito nel decreto di correzione dei conti , cosiddetta &#8220;manovrina&#8221; . Ci\u00f2 consentir\u00e0 a molte PMI di non perdere occasioni di lavoro trattandosi di un documento di regolarit\u00e0 contributiva necessario per partecipare ad appalti.\u00a0 Sen. Claudio Moscardelli (PD)\u201d.<\/p>\n<p>&nbsp;<\/p>\n<p>&nbsp;<\/p>\n<p>&nbsp;<\/p>\n<p>&nbsp;<\/p>\n","protected":false},"excerpt":{"rendered":"<p>LATINA &#8211; Federlazio Latina ha incontrato \u00a0ieri (gioved\u00ec 6) il senatore pontino del Pd Claudio Moscardelli al quale ha chiesto di intervenire urgentemente per velocizzare l\u2019approvazione di un emendamento che vada a correggere la norma che disciplina la rottamazione delle cartelle di Equitalia. &#8220;Il punto \u00e8 il seguente &#8211; spiega Saverio Motolese, direttore di Federlazio- [&hellip;]<\/p>\n","protected":false},"author":62,"featured_media":161562,"comment_status":"open","ping_status":"closed","sticky":false,"template":"","format":"standard","meta":{"footnotes":""},"categories":[11],"tags":[],"class_list":["post-192274","post","type-post","status-publish","format-standard","has-post-thumbnail","hentry","category-economia"],"_links":{"self":[{"href":"https:\/\/www.radioluna.it\/news\/wp-json\/wp\/v2\/posts\/192274","targetHints":{"allow":["GET"]}}],"collection":[{"href":"https:\/\/www.radioluna.it\/news\/wp-json\/wp\/v2\/posts"}],"about":[{"href":"https:\/\/www.radioluna.it\/news\/wp-json\/wp\/v2\/types\/post"}],"author":[{"embeddable":true,"href":"https:\/\/www.radioluna.it\/news\/wp-json\/wp\/v2\/users\/62"}],"replies":[{"embeddable":true,"href":"https:\/\/www.radioluna.it\/news\/wp-json\/wp\/v2\/comments?post=192274"}],"version-history":[{"count":0,"href":"https:\/\/www.radioluna.it\/news\/wp-json\/wp\/v2\/posts\/192274\/revisions"}],"wp:featuredmedia":[{"embeddable":true,"href":"https:\/\/www.radioluna.it\/news\/wp-json\/wp\/v2\/media\/161562"}],"wp:attachment":[{"href":"https:\/\/www.radioluna.it\/news\/wp-json\/wp\/v2\/media?parent=192274"}],"wp:term":[{"taxonomy":"category","embeddable":true,"href":"https:\/\/www.radioluna.it\/news\/wp-json\/wp\/v2\/categories?post=192274"},{"taxonomy":"post_tag","embeddable":true,"href":"https:\/\/www.radioluna.it\/news\/wp-json\/wp\/v2\/tags?post=192274"}],"curies":[{"name":"wp","href":"https:\/\/api.w.org\/{rel}","templated":true}]}}