{"id":192317,"date":"2017-04-15T09:03:44","date_gmt":"2017-04-15T07:03:44","guid":{"rendered":"http:\/\/www.radioluna.it\/news\/?p=192317"},"modified":"2017-04-15T10:32:32","modified_gmt":"2017-04-15T08:32:32","slug":"calcio-lofferta-di-mancini-sara-valutata-dal-tribunale","status":"publish","type":"post","link":"https:\/\/www.radioluna.it\/news\/2017\/04\/calcio-lofferta-di-mancini-sara-valutata-dal-tribunale\/","title":{"rendered":"Calcio, l&#8217;offerta di Mancini sar\u00e0 valutata dal Tribunale"},"content":{"rendered":"<div id=\"fb-root\"><\/div>\n<p style=\"text-align: justify;\"><a href=\"http:\/\/www.radioluna.it\/news\/wp-content\/uploads\/2014\/12\/latina-calcio-generica.jpg\"><img loading=\"lazy\" decoding=\"async\" class=\"aligncenter size-thumbnail wp-image-158680\" src=\"http:\/\/www.radioluna.it\/news\/wp-content\/uploads\/2014\/12\/latina-calcio-generica-635x476.jpg\" alt=\"\" width=\"635\" height=\"476\" srcset=\"https:\/\/www.radioluna.it\/news\/wp-content\/uploads\/2014\/12\/latina-calcio-generica-635x476.jpg 635w, https:\/\/www.radioluna.it\/news\/wp-content\/uploads\/2014\/12\/latina-calcio-generica-768x576.jpg 768w, https:\/\/www.radioluna.it\/news\/wp-content\/uploads\/2014\/12\/latina-calcio-generica-500x375.jpg 500w, https:\/\/www.radioluna.it\/news\/wp-content\/uploads\/2014\/12\/latina-calcio-generica-300x225.jpg 300w, https:\/\/www.radioluna.it\/news\/wp-content\/uploads\/2014\/12\/latina-calcio-generica-1024x768.jpg 1024w, https:\/\/www.radioluna.it\/news\/wp-content\/uploads\/2014\/12\/latina-calcio-generica-800x600.jpg 800w, https:\/\/www.radioluna.it\/news\/wp-content\/uploads\/2014\/12\/latina-calcio-generica.jpg 1000w\" sizes=\"auto, (max-width: 635px) 100vw, 635px\" \/><\/a><\/p>\n<p style=\"text-align: justify;\"><strong>LATINA<\/strong>&#8211;<span style=\"color: #333333;\"><span style=\"font-family: 'Times New Roman', serif;\"><span style=\"font-size: large;\">Benedetto Mancini ha presentato l&#8217;offerta di acquisto per rilevare il Latina Calcio, non ci sono altre offerte e marted\u00ec alle 15 il giudice fallimentare del Tribunale di Latina \u00a0Linda Vaccarella dovr\u00e0 valutare l&#8217;ammissibilit\u00e0 dell&#8217;offerta insieme ai curatori Luca Pietricola e Vincenzo Loreti e se il parere sar\u00e0 positivo Mancini si aggiudicher\u00e0 l&#8217;asta per 720mila euro. Ieri \u00e8 stato depositato un assegno pari a 72mila euro, in un secondo momento saranno versati altri 648mila euro mentre per il pagamento invece del debito sportivo che ammonta a oltre 6 milioni di euro, \u00a0entro il 30 giugno la nuova societ\u00e0 dovr\u00e0 comunicare alla Lega se depositare una fideiussione a garanzia o rateizzare il pagamento. Intanto sul fronte tecnico i nerazzurri saranno impegnati a \u00a0Pasquetta all&#8217;Arechi di Salerno contro la Salernitana. L&#8217;impresa di una salvezza guardando l&#8217;ultima posizione in classifica occupata dalla squadra e le ultime prestazioni sembra impossibile, il tecnico Vivarini non \u00e8 escluso che inserisca dal primo minuto il giovane attaccante Di Nardo.<\/span><\/span><\/span><\/p>\n<div class=\"radio-posizionamento-telefono-in-articoli-dopo-il-contenuto-articolo radio-entity-placement\" id=\"radio-493657368\"><div id=\"radio-621078724\"><a href=\"https:\/\/www.simeoneceramiche.com\/\" aria-label=\"SIMEONE CERAMICHE GIF animata per radioluna_Tavola disegno 1 copia 2 (online-video-cutter.com)\"><img loading=\"lazy\" decoding=\"async\" src=\"https:\/\/www.radioluna.it\/news\/wp-content\/uploads\/2025\/05\/SIMEONE-CERAMICHE-GIF-animata-per-radioluna_Tavola-disegno-1-copia-2-online-video-cutter.com_.gif\" alt=\"\"  width=\"300\" height=\"250\"   \/><\/a><\/div><\/div>","protected":false},"excerpt":{"rendered":"<p>LATINA&#8211;Benedetto Mancini ha presentato l&#8217;offerta di acquisto per rilevare il Latina Calcio, non ci sono altre offerte e marted\u00ec alle 15 il giudice fallimentare del Tribunale di Latina \u00a0Linda Vaccarella dovr\u00e0 valutare l&#8217;ammissibilit\u00e0 dell&#8217;offerta insieme ai curatori Luca Pietricola e Vincenzo Loreti e se il parere sar\u00e0 positivo Mancini si aggiudicher\u00e0 l&#8217;asta per 720mila euro. [&hellip;]<\/p>\n","protected":false},"author":60,"featured_media":158680,"comment_status":"open","ping_status":"closed","sticky":false,"template":"","format":"standard","meta":{"footnotes":""},"categories":[7,17],"tags":[],"class_list":["post-192317","post","type-post","status-publish","format-standard","has-post-thumbnail","hentry","category-cronaca","category-sport"],"_links":{"self":[{"href":"https:\/\/www.radioluna.it\/news\/wp-json\/wp\/v2\/posts\/192317","targetHints":{"allow":["GET"]}}],"collection":[{"href":"https:\/\/www.radioluna.it\/news\/wp-json\/wp\/v2\/posts"}],"about":[{"href":"https:\/\/www.radioluna.it\/news\/wp-json\/wp\/v2\/types\/post"}],"author":[{"embeddable":true,"href":"https:\/\/www.radioluna.it\/news\/wp-json\/wp\/v2\/users\/60"}],"replies":[{"embeddable":true,"href":"https:\/\/www.radioluna.it\/news\/wp-json\/wp\/v2\/comments?post=192317"}],"version-history":[{"count":0,"href":"https:\/\/www.radioluna.it\/news\/wp-json\/wp\/v2\/posts\/192317\/revisions"}],"wp:featuredmedia":[{"embeddable":true,"href":"https:\/\/www.radioluna.it\/news\/wp-json\/wp\/v2\/media\/158680"}],"wp:attachment":[{"href":"https:\/\/www.radioluna.it\/news\/wp-json\/wp\/v2\/media?parent=192317"}],"wp:term":[{"taxonomy":"category","embeddable":true,"href":"https:\/\/www.radioluna.it\/news\/wp-json\/wp\/v2\/categories?post=192317"},{"taxonomy":"post_tag","embeddable":true,"href":"https:\/\/www.radioluna.it\/news\/wp-json\/wp\/v2\/tags?post=192317"}],"curies":[{"name":"wp","href":"https:\/\/api.w.org\/{rel}","templated":true}]}}