{"id":192678,"date":"2017-04-25T18:44:03","date_gmt":"2017-04-25T16:44:03","guid":{"rendered":"http:\/\/www.radioluna.it\/news\/?p=192678"},"modified":"2017-04-26T14:29:52","modified_gmt":"2017-04-26T12:29:52","slug":"25-aprile-il-racconto-del-partigiano-muscas-abbiamo-combattuto-per-il-diritto-di-avere-diritti-ma-non-e-bastato-troppi-oggi-sono-senza-lavoro","status":"publish","type":"post","link":"https:\/\/www.radioluna.it\/news\/2017\/04\/25-aprile-il-racconto-del-partigiano-muscas-abbiamo-combattuto-per-il-diritto-di-avere-diritti-ma-non-e-bastato-troppi-oggi-sono-senza-lavoro\/","title":{"rendered":"Latina 25 aprile, il racconto del partigiano Muscas &#8220;Abbiamo combattuto per il diritto di avere diritti, ma non \u00e8 bastato. Troppi oggi sono senza lavoro&#8221;"},"content":{"rendered":"<div id=\"fb-root\"><\/div>\n<p style=\"text-align: justify;\"><strong>[flagallery gid=719]<\/strong><\/p>\n<p style=\"text-align: justify;\"><strong>LATINA<\/strong> &#8211; \u00a0&#8220;Con la Resistenza abbiamo ottenuto il diritto di avere \u00a0diritti, ma questo non \u00e8 stato sufficiente. Dobbiamo continuare la nostra battaglia per cancellare le diseguaglianze, i soprusi e per restituire a tutti i cittadini, la dignit\u00e0 che meritano. La libert\u00e0 \u00e8 certamente un grande dono e chi ha combattuto per riconquistarla ne \u00e8 consapevole, ma ponendo le cose nei termini in cui essa si trova, la libert\u00e0 di per s\u00e9 \u00e8 una parola senza risultati. La libert\u00e0 lo \u00e8 in senso assoluto solo quando si affrancheranno dal bisogno economico e sociale tutti coloro che, e sono \u00a0met\u00e0 e pi\u00f9 degli italiani, oggi ne ha bisogno&#8221;.<\/p>\n<p style=\"text-align: justify;\"><strong>IL PARTIGIANO-SINDACALISTA<\/strong> &#8211; Lo ha detto Antonio Muscas \u00a0partigiano della Resistenza italiana arrivato alla soglia dei 93 anni con la mente perfettamente lucida, a Latina dal 1968 come sindacalista della Cgil &#8220;per migliorare le retribuzioni e le condizioni di vita dei cittadini lavoratori di Latina&#8221; che ha chiuso le celebrazioni del 25 aprile organizzate dall&#8217; Anpi. l&#8217;associazione nazionale partigiani con la Prefettura e il Comune di Latina, davanti al Monumento ai Caduti di tutte le guerre, al centro dei \u00a0Giardini Pubblici di Latina dove si sono radunate le autorit\u00e0 civili e militari, cittadine e provinciali: il prefetto Pierluigi Faloni, il sindaco Damiano Coletta e la consigliera provinciale Maria Grazia Ciolfi che ha portato il saluto della Presidente della Provincia Eleonora Della Penna; il questore De Matteis, \u00a0il comandante provinciale dei carabinieri, Calvi, il comandate della Guardia di Finanza, Bosco, il Comandante del Comaca di Sabaudia, Zanitti. Non era presente il partigiano Ovis Ferrari per motivi di salute.<\/p>\n<p style=\"text-align: justify;\"><strong>INTITOLARE I GIARDINETTI AL 25 MAGGIO<\/strong> &#8211; Incisivo l&#8217;intervento della presidente del centro studi Angelo Tomassini, Anna Maria Tomassini, che ha ricordato la figura del padre e di quanti furono internati nei campi di lavoro e privati di ogni dignit\u00e0 per aver rifiutato di aderire alla Repubblica di Sal\u00f2 indossando la divisa della milizia fascista. Per poi lanciare all&#8217;Amministrazione comunale l&#8217;idea di intitolare un&#8217;area di Parco Arnaldo Mussolini, il parco cittadino dedicato alla memoria del fratello del Duce dall&#8217;ex sindaco Ajmone Finestra, al 25 maggio, giorno della Liberazione di Latina dai fascisti.<\/p>\n<p style=\"text-align: justify;\"><strong>IL RICORDO PIU&#8217; DOLOROSO<\/strong> &#8211; Il discorso del partigiano Muscas, \u00e8 stato tutto incentrato sul tema della giustizia sociale come fondamento della Costituzione e su quello dell&#8217;inviolabilit\u00e0 della Carta nata all&#8217;indomani della Liberazione e grazie alla Resistenza. Ma non ha trascurato la memoria, con il racconto \u00a0doloroso di un episodio impossibile da cancellare e mai raccontato:&#8221;E&#8217; triste ma \u00e8 una testimonianza che non si pu\u00f2 dimenticare. Il 25 di aprile siamo entrati a Bologna abbiamo messo in fuga i tedeschi e i fascisti il 26 aprile bisognava perlustrare la citt\u00e0 per sgomberarla da eventuali residui dei malfattori. In Viale Marconi in una palazzina dove stavamo perlustrando al secondo piano c&#8217;era una porta chiusa. Busso e non si apriva. E allora la apriamo con una sventagliata di mitra alla serratura e appena sfondo la porta una pallottola mi porta via una ciocca di capelli. Chi spar\u00f2 era un ragazzo che aveva 12 o 13 anni che Hitler aveva rastrellato e obbligato a partecipare alla guerra quando ormai la stava perdendo. Se sono qui a raccontarlo \u00e8 perch\u00e9 lo sappiate: quel ragazzo non meritava di essere ucciso ma nemmeno io meritavo di essere ammazzato da quel ragazzo&#8221;<strong>.<\/strong><\/p>\n<p style=\"text-align: justify;\"><strong>LA RESISTENZA DI OGGI: IL LAVORO<\/strong> &#8211; &#8220;La Costituzione \u00e8 la pi\u00f9 bella del mondo \u00a0&#8211; ha detto poi Muscas &#8211; e raccoglie in s\u00e9 non solo la storia del passato ma anche come dobbiamo comportarci nel futuro. Cari amici e concittadini, il futuro non \u00e8 quello che volevamo quando abbiamo conquistato la Costituzione, perch\u00e9 questa garantiva a tutti i cittadini italiani il lavoro e con il lavoro una retribuzione in grado di dare un&#8217;esistenza dignitosa ai lavoratori e alla famiglia, Questo precetto \u00e8 stato violato perch\u00e9 oggi ci sono 9 milioni di italiani che stanno arrivando alla povert\u00e0 assoluta. E non sono rispettati gli altri precetti che essa stabilisce. Ma per fortuna chi voleva cancellare la Costituzione si \u00e8 misurato il 4 dicembre con il popolo italiano e abbiamo sconfitto chi la voleva seppellire&#8221;.<\/p>\n<p style=\"text-align: justify;\">IL DISCORSO<\/p>\n<audio class=\"wp-audio-shortcode\" id=\"audio-192678-1\" preload=\"none\" style=\"width: 100%;\" controls=\"controls\"><source type=\"audio\/mpeg\" src=\"http:\/\/www.radioluna.it\/news\/wp-content\/uploads\/2017\/04\/muscas.mp3-per-sito.mp3?_=1\" \/><a href=\"http:\/\/www.radioluna.it\/news\/wp-content\/uploads\/2017\/04\/muscas.mp3-per-sito.mp3\">http:\/\/www.radioluna.it\/news\/wp-content\/uploads\/2017\/04\/muscas.mp3-per-sito.mp3<\/a><\/audio>\n<p style=\"text-align: justify;\">\n","protected":false},"excerpt":{"rendered":"<p>[flagallery gid=719] LATINA &#8211; \u00a0&#8220;Con la Resistenza abbiamo ottenuto il diritto di avere \u00a0diritti, ma questo non \u00e8 stato sufficiente. Dobbiamo continuare la nostra battaglia per cancellare le diseguaglianze, i soprusi e per restituire a tutti i cittadini, la dignit\u00e0 che meritano. La libert\u00e0 \u00e8 certamente un grande dono e chi ha combattuto per riconquistarla [&hellip;]<\/p>\n","protected":false},"author":62,"featured_media":192679,"comment_status":"open","ping_status":"closed","sticky":false,"template":"","format":"standard","meta":{"footnotes":""},"categories":[2310,7,2311],"tags":[],"class_list":["post-192678","post","type-post","status-publish","format-standard","has-post-thumbnail","hentry","category-audio","category-cronaca","category-foto"],"_links":{"self":[{"href":"https:\/\/www.radioluna.it\/news\/wp-json\/wp\/v2\/posts\/192678","targetHints":{"allow":["GET"]}}],"collection":[{"href":"https:\/\/www.radioluna.it\/news\/wp-json\/wp\/v2\/posts"}],"about":[{"href":"https:\/\/www.radioluna.it\/news\/wp-json\/wp\/v2\/types\/post"}],"author":[{"embeddable":true,"href":"https:\/\/www.radioluna.it\/news\/wp-json\/wp\/v2\/users\/62"}],"replies":[{"embeddable":true,"href":"https:\/\/www.radioluna.it\/news\/wp-json\/wp\/v2\/comments?post=192678"}],"version-history":[{"count":0,"href":"https:\/\/www.radioluna.it\/news\/wp-json\/wp\/v2\/posts\/192678\/revisions"}],"wp:featuredmedia":[{"embeddable":true,"href":"https:\/\/www.radioluna.it\/news\/wp-json\/wp\/v2\/media\/192679"}],"wp:attachment":[{"href":"https:\/\/www.radioluna.it\/news\/wp-json\/wp\/v2\/media?parent=192678"}],"wp:term":[{"taxonomy":"category","embeddable":true,"href":"https:\/\/www.radioluna.it\/news\/wp-json\/wp\/v2\/categories?post=192678"},{"taxonomy":"post_tag","embeddable":true,"href":"https:\/\/www.radioluna.it\/news\/wp-json\/wp\/v2\/tags?post=192678"}],"curies":[{"name":"wp","href":"https:\/\/api.w.org\/{rel}","templated":true}]}}