{"id":194203,"date":"2017-06-03T08:35:00","date_gmt":"2017-06-03T06:35:00","guid":{"rendered":"http:\/\/www.radioluna.it\/news\/?p=194203"},"modified":"2017-06-07T06:01:34","modified_gmt":"2017-06-07T04:01:34","slug":"emergenza-acqua-disagi-in-mezza-provincia","status":"publish","type":"post","link":"https:\/\/www.radioluna.it\/news\/2017\/06\/emergenza-acqua-disagi-in-mezza-provincia\/","title":{"rendered":"Emergenza acqua, disagi in mezza provincia. A Formia previsto luned\u00ec un incontro con Acqualatina"},"content":{"rendered":"<div id=\"fb-root\"><\/div>\n<p style=\"text-align: justify;\"><strong><a href=\"http:\/\/www.radioluna.it\/news\/wp-content\/uploads\/2013\/04\/Uffici-acqua-Latina.jpg\"><img loading=\"lazy\" decoding=\"async\" class=\"aligncenter wp-image-134839 size-full\" src=\"http:\/\/www.radioluna.it\/news\/wp-content\/uploads\/2013\/04\/Uffici-acqua-Latina.jpg\" alt=\"\" width=\"500\" height=\"333\" srcset=\"https:\/\/www.radioluna.it\/news\/wp-content\/uploads\/2013\/04\/Uffici-acqua-Latina.jpg 500w, https:\/\/www.radioluna.it\/news\/wp-content\/uploads\/2013\/04\/Uffici-acqua-Latina-300x200.jpg 300w\" sizes=\"auto, (max-width: 500px) 100vw, 500px\" \/><\/a>LATINA<\/strong> &#8211;\u00a0Mezza provincia di Latina deve fare i conti con la crisi idrica e una serie di guasti che hanno provocato disagi in molti comuni che sono rimasti a secco: nel sud della provincia i comuni di Minturno e Gaeta ieri sono rimasti senza acqua ma sono stati registrati livelli bassi di flusso oltre che a Castelforte e Santi Cosma e Damiano anche nella zona dei Lepini tra Priverno, Maenza e Roccagorga. Acqualatina ha spiegato che &#8220;Sono state riparate delle importanti perdite ed \u00e8 stato eseguito un collegamento straordinario alla rete di Tufo delle utenze residenti nel centro storico, la zona pi\u00f9 alta del Comune&#8221;. E&#8217; molto seria la situazione sui Lepini: Roccagorga deve razionare l&#8217;acqua a Maenza invece a causa della carenza idrica l&#8217;acqua manca anche il pomeriggio dalle 14,30 alle 17 e dalle 22 alle 6 per complessive dieci ore.<\/p>\n<p style=\"text-align: justify;\">Intanto per luned\u00ec\u00a0al\u00a0Comune di Formia, \u00e8 stata convocata una riunione a cui parteciperanno amministratori e rappresentanti di categoria. &#8220;Quello che serve \u2013 sostiene il Sindaco Sandro Bartolomeo \u2013 \u00e8 individuare al pi\u00f9 presto soluzioni e correttivi in vista dei mesi pi\u00f9 caldi e affollati. Immagino cosa potr\u00e0 accadere nei periodi di luglio e agosto quando migliaia di persone si aggiungeranno alla popolazione residente. C\u2019\u00e8 grande preoccupazione per le attivit\u00e0 produttive e per il rischio che, in queste condizioni, non si riescano a soddisfare le condizioni minime per un\u2019offerta turistica adeguata. Il problema riguarda tutti: bar ristoranti, alberghi, ogni altra attivit\u00e0 in qualche modo legata ai flussi turistici. Spero che dall\u2019incontro di luned\u00ec emergano soluzioni concrete che ci consentano di superare questa fase critica. La riduzione delle piogge ha prodotto un impoverimento delle risorse idriche ma, pi\u00f9 di tutto, pesano le inadeguatezze strutturali di una rete che, a detta degli stessi tecnici di Acqualatina, \u00e8 ormai ridotta a colabrodo. Mi pongo allora una domanda: se, come appreso in questi giorni, Acqualatina chiude il bilancio con quasi 18 milioni di euro di attivo, cosa aspetta a fare investimenti sulle aree pi\u00f9 critiche, esposte a continue crisi di approvvigionamento? Il sud della provincia e il nostro Golfo sono sicuramente tra queste \u2013 conclude Bartolomeo \u2013 e da Acqualatina ci aspettiamo delle risposte\u201d.<\/p>\n","protected":false},"excerpt":{"rendered":"<p>LATINA &#8211;\u00a0Mezza provincia di Latina deve fare i conti con la crisi idrica e una serie di guasti che hanno provocato disagi in molti comuni che sono rimasti a secco: nel sud della provincia i comuni di Minturno e Gaeta ieri sono rimasti senza acqua ma sono stati registrati livelli bassi di flusso oltre che [&hellip;]<\/p>\n","protected":false},"author":60,"featured_media":0,"comment_status":"open","ping_status":"closed","sticky":false,"template":"","format":"standard","meta":{"footnotes":""},"categories":[7],"tags":[],"class_list":["post-194203","post","type-post","status-publish","format-standard","hentry","category-cronaca"],"_links":{"self":[{"href":"https:\/\/www.radioluna.it\/news\/wp-json\/wp\/v2\/posts\/194203","targetHints":{"allow":["GET"]}}],"collection":[{"href":"https:\/\/www.radioluna.it\/news\/wp-json\/wp\/v2\/posts"}],"about":[{"href":"https:\/\/www.radioluna.it\/news\/wp-json\/wp\/v2\/types\/post"}],"author":[{"embeddable":true,"href":"https:\/\/www.radioluna.it\/news\/wp-json\/wp\/v2\/users\/60"}],"replies":[{"embeddable":true,"href":"https:\/\/www.radioluna.it\/news\/wp-json\/wp\/v2\/comments?post=194203"}],"version-history":[{"count":0,"href":"https:\/\/www.radioluna.it\/news\/wp-json\/wp\/v2\/posts\/194203\/revisions"}],"wp:attachment":[{"href":"https:\/\/www.radioluna.it\/news\/wp-json\/wp\/v2\/media?parent=194203"}],"wp:term":[{"taxonomy":"category","embeddable":true,"href":"https:\/\/www.radioluna.it\/news\/wp-json\/wp\/v2\/categories?post=194203"},{"taxonomy":"post_tag","embeddable":true,"href":"https:\/\/www.radioluna.it\/news\/wp-json\/wp\/v2\/tags?post=194203"}],"curies":[{"name":"wp","href":"https:\/\/api.w.org\/{rel}","templated":true}]}}