{"id":194233,"date":"2017-06-05T06:59:37","date_gmt":"2017-06-05T04:59:37","guid":{"rendered":"http:\/\/www.radioluna.it\/news\/?p=194233"},"modified":"2017-06-05T09:23:12","modified_gmt":"2017-06-05T07:23:12","slug":"latina-auto-contro-moto-a-foce-verde-gravissimo-un-centuaro","status":"publish","type":"post","link":"https:\/\/www.radioluna.it\/news\/2017\/06\/latina-auto-contro-moto-a-foce-verde-gravissimo-un-centuaro\/","title":{"rendered":"Latina, auto contro moto a Foce Verde: gravissimo un centuaro"},"content":{"rendered":"<div id=\"fb-root\"><\/div>\n<p style=\"text-align: justify;\"><a href=\"http:\/\/www.radioluna.it\/news\/wp-content\/uploads\/2016\/02\/ambulanza.jpg\"><img loading=\"lazy\" decoding=\"async\" class=\"aligncenter size-full wp-image-173569\" src=\"http:\/\/www.radioluna.it\/news\/wp-content\/uploads\/2016\/02\/ambulanza.jpg\" alt=\"\" width=\"450\" height=\"283\" srcset=\"https:\/\/www.radioluna.it\/news\/wp-content\/uploads\/2016\/02\/ambulanza.jpg 450w, https:\/\/www.radioluna.it\/news\/wp-content\/uploads\/2016\/02\/ambulanza-300x189.jpg 300w\" sizes=\"auto, (max-width: 450px) 100vw, 450px\" \/><\/a><\/p>\n<p style=\"text-align: justify;\">LATINA-\u00a0<span style=\"color: #333333;\"><span style=\"font-family: 'Times New Roman', serif;\"><span style=\"font-size: medium;\">Un grave incidente stradale \u00e8 avvenuto ieri alle 19 in via Foce Verde al Lido di Latina, in uno scontro tra una Yaris su cui viaggiava una donna con la figlia di tre anni e una moto Ducati condotta da un giovane di 29 anni di Latina, il centauro \u00e8 rimasto gravemente ferito a causa di uno scontro frontale tra i due mezzi che provenivano in senso opposto. L&#8217;impatto \u00e8 stato molto violento e i feriti sono stati soccorsi dalle ambulanze del 118, la dinamica dell&#8217;incidente \u00e8 vaglio della polizia stradale di Aprilia che \u00e8 intervenuta. Il motociclista \u00e8 in prognosi riservata al Santa Maria Goretti.<\/span><\/span><\/span><\/p>\n","protected":false},"excerpt":{"rendered":"<p>LATINA-\u00a0Un grave incidente stradale \u00e8 avvenuto ieri alle 19 in via Foce Verde al Lido di Latina, in uno scontro tra una Yaris su cui viaggiava una donna con la figlia di tre anni e una moto Ducati condotta da un giovane di 29 anni di Latina, il centauro \u00e8 rimasto gravemente ferito a causa [&hellip;]<\/p>\n","protected":false},"author":60,"featured_media":173569,"comment_status":"open","ping_status":"closed","sticky":false,"template":"","format":"standard","meta":{"footnotes":""},"categories":[7],"tags":[],"class_list":["post-194233","post","type-post","status-publish","format-standard","has-post-thumbnail","hentry","category-cronaca"],"_links":{"self":[{"href":"https:\/\/www.radioluna.it\/news\/wp-json\/wp\/v2\/posts\/194233","targetHints":{"allow":["GET"]}}],"collection":[{"href":"https:\/\/www.radioluna.it\/news\/wp-json\/wp\/v2\/posts"}],"about":[{"href":"https:\/\/www.radioluna.it\/news\/wp-json\/wp\/v2\/types\/post"}],"author":[{"embeddable":true,"href":"https:\/\/www.radioluna.it\/news\/wp-json\/wp\/v2\/users\/60"}],"replies":[{"embeddable":true,"href":"https:\/\/www.radioluna.it\/news\/wp-json\/wp\/v2\/comments?post=194233"}],"version-history":[{"count":0,"href":"https:\/\/www.radioluna.it\/news\/wp-json\/wp\/v2\/posts\/194233\/revisions"}],"wp:featuredmedia":[{"embeddable":true,"href":"https:\/\/www.radioluna.it\/news\/wp-json\/wp\/v2\/media\/173569"}],"wp:attachment":[{"href":"https:\/\/www.radioluna.it\/news\/wp-json\/wp\/v2\/media?parent=194233"}],"wp:term":[{"taxonomy":"category","embeddable":true,"href":"https:\/\/www.radioluna.it\/news\/wp-json\/wp\/v2\/categories?post=194233"},{"taxonomy":"post_tag","embeddable":true,"href":"https:\/\/www.radioluna.it\/news\/wp-json\/wp\/v2\/tags?post=194233"}],"curies":[{"name":"wp","href":"https:\/\/api.w.org\/{rel}","templated":true}]}}