{"id":194372,"date":"2017-06-07T16:39:15","date_gmt":"2017-06-07T14:39:15","guid":{"rendered":"http:\/\/www.radioluna.it\/news\/?p=194372"},"modified":"2017-06-07T16:39:15","modified_gmt":"2017-06-07T14:39:15","slug":"chiusura-della-campagna-elettorale-per-lecizio-parlagreco-al-circeo","status":"publish","type":"post","link":"https:\/\/www.radioluna.it\/news\/2017\/06\/chiusura-della-campagna-elettorale-per-lecizio-parlagreco-al-circeo\/","title":{"rendered":"Chiusura della campagna elettorale per Lecizio Parlagreco al Circeo"},"content":{"rendered":"<div id=\"fb-root\"><\/div>\n<p style=\"text-align: justify;\"><strong><a href=\"http:\/\/www.radioluna.it\/news\/wp-content\/uploads\/2013\/01\/movimento5stelle-5.jpg\"><img loading=\"lazy\" decoding=\"async\" class=\"size-thumbnail wp-image-130392 alignleft\" src=\"http:\/\/www.radioluna.it\/news\/wp-content\/uploads\/2013\/01\/movimento5stelle-5-150x150.jpg\" alt=\"\" width=\"150\" height=\"150\" srcset=\"https:\/\/www.radioluna.it\/news\/wp-content\/uploads\/2013\/01\/movimento5stelle-5-150x150.jpg 150w, https:\/\/www.radioluna.it\/news\/wp-content\/uploads\/2013\/01\/movimento5stelle-5-50x50.jpg 50w, https:\/\/www.radioluna.it\/news\/wp-content\/uploads\/2013\/01\/movimento5stelle-5-80x80.jpg 80w, https:\/\/www.radioluna.it\/news\/wp-content\/uploads\/2013\/01\/movimento5stelle-5.jpg 220w\" sizes=\"auto, (max-width: 150px) 100vw, 150px\" \/><\/a>SAN FELICE CIRCEO &#8211;<\/strong> Colpo di scena per la chiusura della Campagna elettorale di Lecizio Parlagreco, Candidato Sindaco per Circeo 5 Stelle, giovedi 8 alle 19:30 nella piazza del Centro Storico di San Felice Circeo, alla presenza di Gaia Pernarella, Portavoce Regione Lazio del M5S.<br \/>\nA causa delle consultazioni nazionali per le modifiche al sistema elettorale, Roberto Fico, presidente della Commissione di Vigilanza della Rai, non potr\u00e0 venire come invece previsto, ma invier\u00e0 il suo contributo con un video che sar\u00e0 proiettato su un maxi schermo a far da scenario all&#8217;incontro.<br \/>\nSar\u00e0 una vera e propria Assemblea cittadina sul Tema \u201cLa Cultura del Turismo, il Turismo della Cultura\u201d, dove si metteranno in gioco le competenze sul Turismo, mantenendo l&#8217;impronta data da Lecizio Parlagreco a tutta la sua corsa alle Amministrative, che \u00e8 una cordata di professionalit\u00e0 con l&#8217;obiettivo di formare la cittadinanza su diversi argomenti scottanti e soprattutto di restituire competenze e consapevolezza a chi dovr\u00e0 dare un consenso informato.<br \/>\nIl Circeo \u00e8 un gioiello d&#8217;Italia ed ha Risorse che vanno recuperate e promosse. E i dati attuali non sono confortanti n\u00e9 sul territorio tantomeno nel nazionale.<br \/>\nil Movimento 5 Stelle si sta impegnando per\u00f2 per una Inversione di Marcia.<br \/>\n&#8220;In Italia &#8211; spiega la Pernarella \u2013 il Turismo \u00e8 considerato come la principale industria del benessere eppure ci stupiremo nel sapere che quello culturale \u00e8 inferiore a quello tedesco, francese, Regno Unito e Spagna. Sembra incredibile ma l&#8217;indice di ritorno economico sugli assett culturali, calcolato sui siti UNESCO \u00e8 16 volte inferiore a quello statunitense, 4 a quello francese. Addirittura il numero dei Turisti, che visita il Bel Paese, \u00e8 inferiore di 35 milioni al numero di quello che visita i cugini transalpini. Il dato pi\u00f9 drammatico per\u00f2 \u00e8 che nessuno dei principali musei italiani entra in classifica per visitatori o fatturato con la Galleria degli Uffizi solo al 27* posto in una classifica guidata dal Love di Parigi, con quasi 10 milioni di visitatori l&#8217;anno rispetto a quasi 2 del Museo fiorentino. Sono dati che abbiamo appreso da un saggio pubblicato da Stefano Rodot\u00e0 &#8211; conclude la Portavoce M5S &#8211; ma che ben raccontano, dietro freddi numeri, la situazione turistica italiana: una Ferrari, usando un gergo automobilistico, che viaggia alla velocit\u00e0 di un&#8217;utilitaria e che quando accelera, secondo le proprie potenzialit\u00e0, pi\u00f9 spesso rischia clamorosi fuoristrada a causa dell&#8217;incapacit\u00e0 di chi si trova alla guida&#8221;.<\/p>\n","protected":false},"excerpt":{"rendered":"<p>SAN FELICE CIRCEO &#8211; Colpo di scena per la chiusura della Campagna elettorale di Lecizio Parlagreco, Candidato Sindaco per Circeo 5 Stelle, giovedi 8 alle 19:30 nella piazza del Centro Storico di San Felice Circeo, alla presenza di Gaia Pernarella, Portavoce Regione Lazio del M5S. A causa delle consultazioni nazionali per le modifiche al sistema [&hellip;]<\/p>\n","protected":false},"author":60,"featured_media":130392,"comment_status":"open","ping_status":"closed","sticky":false,"template":"","format":"standard","meta":{"footnotes":""},"categories":[8],"tags":[],"class_list":["post-194372","post","type-post","status-publish","format-standard","has-post-thumbnail","hentry","category-politica"],"_links":{"self":[{"href":"https:\/\/www.radioluna.it\/news\/wp-json\/wp\/v2\/posts\/194372","targetHints":{"allow":["GET"]}}],"collection":[{"href":"https:\/\/www.radioluna.it\/news\/wp-json\/wp\/v2\/posts"}],"about":[{"href":"https:\/\/www.radioluna.it\/news\/wp-json\/wp\/v2\/types\/post"}],"author":[{"embeddable":true,"href":"https:\/\/www.radioluna.it\/news\/wp-json\/wp\/v2\/users\/60"}],"replies":[{"embeddable":true,"href":"https:\/\/www.radioluna.it\/news\/wp-json\/wp\/v2\/comments?post=194372"}],"version-history":[{"count":0,"href":"https:\/\/www.radioluna.it\/news\/wp-json\/wp\/v2\/posts\/194372\/revisions"}],"wp:featuredmedia":[{"embeddable":true,"href":"https:\/\/www.radioluna.it\/news\/wp-json\/wp\/v2\/media\/130392"}],"wp:attachment":[{"href":"https:\/\/www.radioluna.it\/news\/wp-json\/wp\/v2\/media?parent=194372"}],"wp:term":[{"taxonomy":"category","embeddable":true,"href":"https:\/\/www.radioluna.it\/news\/wp-json\/wp\/v2\/categories?post=194372"},{"taxonomy":"post_tag","embeddable":true,"href":"https:\/\/www.radioluna.it\/news\/wp-json\/wp\/v2\/tags?post=194372"}],"curies":[{"name":"wp","href":"https:\/\/api.w.org\/{rel}","templated":true}]}}