{"id":194390,"date":"2017-06-08T07:19:00","date_gmt":"2017-06-08T05:19:00","guid":{"rendered":"http:\/\/www.radioluna.it\/news\/?p=194390"},"modified":"2017-06-08T07:19:00","modified_gmt":"2017-06-08T05:19:00","slug":"le-foto-di-fabiana-moriconi-in-vetrina-da-adinolfi","status":"publish","type":"post","link":"https:\/\/www.radioluna.it\/news\/2017\/06\/le-foto-di-fabiana-moriconi-in-vetrina-da-adinolfi\/","title":{"rendered":"Le foto di Fabiana Moriconi in vetrina da Adinolfi"},"content":{"rendered":"<div id=\"fb-root\"><\/div>\n<p style=\"text-align: justify;\"><strong><img loading=\"lazy\" decoding=\"async\" class=\"aligncenter size-full wp-image-194391\" src=\"http:\/\/www.radioluna.it\/news\/wp-content\/uploads\/2017\/06\/foto-fabiana-moriconi.jpg\" alt=\"\" width=\"679\" height=\"960\" srcset=\"https:\/\/www.radioluna.it\/news\/wp-content\/uploads\/2017\/06\/foto-fabiana-moriconi.jpg 679w, https:\/\/www.radioluna.it\/news\/wp-content\/uploads\/2017\/06\/foto-fabiana-moriconi-212x300.jpg 212w\" sizes=\"auto, (max-width: 679px) 100vw, 679px\" \/>LATINA<\/strong> &#8211; Saranno in vetrina, sabato 10 giugno, gli scatti di Fabiana Moriconi ospitati sotto i portici di Corso della Repubblica a Latina dall&#8217; Ottica Adinolfi. Al civico 227, un aperiparty (alle \u00a017) \u00a0per presentare la nuova serie fotografica INnaturalle, della raccolta INside.<\/p>\n<p style=\"text-align: justify;\">&#8220;Dopo l&#8217;evento sulla Scala Rossa della Feltrinelli di Latina, l&#8217;artista pontina ci regala nuove storie quadrate in cui sbirciare, fermarsi con sguardi curiosi, proprio come si fa indossando un paio di occhiali &#8211; spiegano gli storici commercianti del capoluogo \u00a0&#8211; \u00a0Il progetto quindi si sposa perfettamente con la presentazione delle collezioni sole e vista, connubio perfetto fra il frame fotografico e il filtro dell&#8217;occhiale, regalando alla vista scorci di paesaggio, giocando tra i contrasti del naturale e dell&#8217;innaturale&#8221;.<\/p>\n<p style=\"text-align: justify;\">&#8220;INside \u00a0&#8211; aggiunge la Moriconi &#8211; \u00e8 il mio viaggio nei momenti della vita, nel quale lo spettatore potr\u00e0 scorgere anche qualcosa di se stesso: un percorso. Un sentimento, una sensazione&#8221;. L&#8217;artista aggiunge che nelle foto proprio come nella vita \u00a0&#8220;tutto pu\u00f2 essere il contrario di tutto, nessuno detiene la verit\u00e0 assoluta ma ciascuno pu\u00f2 introiettare (inside per l&#8217;appunto) il mondo che lo circonda&#8221;.<\/p>\n","protected":false},"excerpt":{"rendered":"<p>LATINA &#8211; Saranno in vetrina, sabato 10 giugno, gli scatti di Fabiana Moriconi ospitati sotto i portici di Corso della Repubblica a Latina dall&#8217; Ottica Adinolfi. Al civico 227, un aperiparty (alle \u00a017) \u00a0per presentare la nuova serie fotografica INnaturalle, della raccolta INside. &#8220;Dopo l&#8217;evento sulla Scala Rossa della Feltrinelli di Latina, l&#8217;artista pontina ci [&hellip;]<\/p>\n","protected":false},"author":62,"featured_media":194392,"comment_status":"open","ping_status":"closed","sticky":false,"template":"","format":"standard","meta":{"footnotes":""},"categories":[16],"tags":[],"class_list":["post-194390","post","type-post","status-publish","format-standard","has-post-thumbnail","hentry","category-appuntamenti"],"_links":{"self":[{"href":"https:\/\/www.radioluna.it\/news\/wp-json\/wp\/v2\/posts\/194390","targetHints":{"allow":["GET"]}}],"collection":[{"href":"https:\/\/www.radioluna.it\/news\/wp-json\/wp\/v2\/posts"}],"about":[{"href":"https:\/\/www.radioluna.it\/news\/wp-json\/wp\/v2\/types\/post"}],"author":[{"embeddable":true,"href":"https:\/\/www.radioluna.it\/news\/wp-json\/wp\/v2\/users\/62"}],"replies":[{"embeddable":true,"href":"https:\/\/www.radioluna.it\/news\/wp-json\/wp\/v2\/comments?post=194390"}],"version-history":[{"count":0,"href":"https:\/\/www.radioluna.it\/news\/wp-json\/wp\/v2\/posts\/194390\/revisions"}],"wp:featuredmedia":[{"embeddable":true,"href":"https:\/\/www.radioluna.it\/news\/wp-json\/wp\/v2\/media\/194392"}],"wp:attachment":[{"href":"https:\/\/www.radioluna.it\/news\/wp-json\/wp\/v2\/media?parent=194390"}],"wp:term":[{"taxonomy":"category","embeddable":true,"href":"https:\/\/www.radioluna.it\/news\/wp-json\/wp\/v2\/categories?post=194390"},{"taxonomy":"post_tag","embeddable":true,"href":"https:\/\/www.radioluna.it\/news\/wp-json\/wp\/v2\/tags?post=194390"}],"curies":[{"name":"wp","href":"https:\/\/api.w.org\/{rel}","templated":true}]}}