{"id":194416,"date":"2017-06-08T16:49:58","date_gmt":"2017-06-08T14:49:58","guid":{"rendered":"http:\/\/www.radioluna.it\/news\/?p=194416"},"modified":"2017-06-08T16:49:58","modified_gmt":"2017-06-08T14:49:58","slug":"parco-falcone-e-borsellino-intitolazione-il-19-luglio","status":"publish","type":"post","link":"https:\/\/www.radioluna.it\/news\/2017\/06\/parco-falcone-e-borsellino-intitolazione-il-19-luglio\/","title":{"rendered":"Parco Falcone e Borsellino, intitolazione il 19 luglio"},"content":{"rendered":"<div id=\"fb-root\"><\/div>\n<div id=\"attachment_193796\" style=\"width: 682px\" class=\"wp-caption aligncenter\"><img loading=\"lazy\" decoding=\"async\" aria-describedby=\"caption-attachment-193796\" class=\"size-full wp-image-193796\" src=\"http:\/\/www.radioluna.it\/news\/wp-content\/uploads\/2017\/05\/Murales_Falcone-Borsellino_sml.jpg\" alt=\"\" width=\"672\" height=\"236\" srcset=\"https:\/\/www.radioluna.it\/news\/wp-content\/uploads\/2017\/05\/Murales_Falcone-Borsellino_sml.jpg 672w, https:\/\/www.radioluna.it\/news\/wp-content\/uploads\/2017\/05\/Murales_Falcone-Borsellino_sml-300x105.jpg 300w\" sizes=\"auto, (max-width: 672px) 100vw, 672px\" \/><p id=\"caption-attachment-193796\" class=\"wp-caption-text\">Il murales voluto dal Comune di Cisterna con il ritratto dei due giudici antimafia<\/p><\/div>\n<p style=\"text-align: justify;\"><strong>LATINA<\/strong> &#8211; C&#8217;\u00e8 gi\u00e0 una data, simbolica quanto la scelta, per l&#8217;intitolazione del Parco Comunale di Latina: \u00e8 il 19 luglio, giorno dell&#8217;uccisione di Paolo Borsellino. Per i 25 anni dalle stragi di Capaci e di Via D&#8217;Amelio, il sindaco di Latina Damiano Coletta, ha deciso di rendere omaggio ai giudici antimafia uccisi su ordine di Tot\u00f2 Riina, annunciando prima, nel giorno della morte di Giovanni Falcone, il 23 maggio, l&#8217;idea di dedicargli i Giardinetti, e di procedere poi con la cerimonia ufficiale, nel giorno dell&#8217;uccisione di Borsellino.<\/p>\n<p style=\"text-align: justify;\">La scelta della data \u00e8 stata resa nota questa mattina in commissione toponomastica, dopo giorni di polemiche e divisioni tra chi vorrebbe ripristinare il nome cancellato negli anni &#8217;40, quello di Arnaldo Mussolini, fratello del Duce; chi vorrebbe un nome pacificante come Valentino Orsolini Cencelli, e chi invece \u00e8 d&#8217;accordo con l&#8217;idea di Coletta e della sua maggioranza.<\/p>\n<p style=\"text-align: justify;\">Il &#8220;s\u00ec&#8221; a Parco Falcone Borsellino \u00e8 arrivato a maggioranza, mentre hanno votato contro Raimondo Tiero di Cuori Italiani e Nicola Calandrini di Fdi che ha confermato di non essere d&#8217;accordo su una scelta &#8220;divisiva che vuole cancellare la storia&#8221;.<\/p>\n<p style=\"text-align: justify;\">&#8220;Nessuna scelta ideologica &#8211; ha chiarito Coletta &#8211; il Parco \u00e8 il posto in cui \u00a0portiamo a spasso i bambini e \u00a0intitolarlo a Falcone e Borsellino \u00e8 un segnale importante&#8221;. Il sindaco ha poi risposto alle accuse di occuparsi della forma e non della sostanza, spiegando di aver fatto un sopralluogo nell&#8217;area verde per verificare che cosa c&#8217;\u00e8 da sistemare.<\/p>\n<p style=\"text-align: justify;\">Ai due magistrati che hanno sacrificato la loro vita per opporsi al sistema mafioso, in questi 25 anni sono stati intitolati molti luoghi pubblici e istituzionali: strade, piazze, aule consiliari e biblioteche. Chiss\u00e0 se qualcuno, prima di ora, aveva mai votato contro.<\/p>\n","protected":false},"excerpt":{"rendered":"<p>LATINA &#8211; C&#8217;\u00e8 gi\u00e0 una data, simbolica quanto la scelta, per l&#8217;intitolazione del Parco Comunale di Latina: \u00e8 il 19 luglio, giorno dell&#8217;uccisione di Paolo Borsellino. Per i 25 anni dalle stragi di Capaci e di Via D&#8217;Amelio, il sindaco di Latina Damiano Coletta, ha deciso di rendere omaggio ai giudici antimafia uccisi su ordine [&hellip;]<\/p>\n","protected":false},"author":62,"featured_media":193796,"comment_status":"open","ping_status":"closed","sticky":false,"template":"","format":"standard","meta":{"footnotes":""},"categories":[8],"tags":[],"class_list":["post-194416","post","type-post","status-publish","format-standard","has-post-thumbnail","hentry","category-politica"],"_links":{"self":[{"href":"https:\/\/www.radioluna.it\/news\/wp-json\/wp\/v2\/posts\/194416","targetHints":{"allow":["GET"]}}],"collection":[{"href":"https:\/\/www.radioluna.it\/news\/wp-json\/wp\/v2\/posts"}],"about":[{"href":"https:\/\/www.radioluna.it\/news\/wp-json\/wp\/v2\/types\/post"}],"author":[{"embeddable":true,"href":"https:\/\/www.radioluna.it\/news\/wp-json\/wp\/v2\/users\/62"}],"replies":[{"embeddable":true,"href":"https:\/\/www.radioluna.it\/news\/wp-json\/wp\/v2\/comments?post=194416"}],"version-history":[{"count":0,"href":"https:\/\/www.radioluna.it\/news\/wp-json\/wp\/v2\/posts\/194416\/revisions"}],"wp:featuredmedia":[{"embeddable":true,"href":"https:\/\/www.radioluna.it\/news\/wp-json\/wp\/v2\/media\/193796"}],"wp:attachment":[{"href":"https:\/\/www.radioluna.it\/news\/wp-json\/wp\/v2\/media?parent=194416"}],"wp:term":[{"taxonomy":"category","embeddable":true,"href":"https:\/\/www.radioluna.it\/news\/wp-json\/wp\/v2\/categories?post=194416"},{"taxonomy":"post_tag","embeddable":true,"href":"https:\/\/www.radioluna.it\/news\/wp-json\/wp\/v2\/tags?post=194416"}],"curies":[{"name":"wp","href":"https:\/\/api.w.org\/{rel}","templated":true}]}}