{"id":194425,"date":"2017-06-08T19:49:47","date_gmt":"2017-06-08T17:49:47","guid":{"rendered":"http:\/\/www.radioluna.it\/news\/?p=194425"},"modified":"2017-06-08T19:49:47","modified_gmt":"2017-06-08T17:49:47","slug":"laccio-in-sala-prove-con-carla-fracci","status":"publish","type":"post","link":"https:\/\/www.radioluna.it\/news\/2017\/06\/laccio-in-sala-prove-con-carla-fracci\/","title":{"rendered":"Laccio in sala prove con Carla Fracci"},"content":{"rendered":"<div id=\"fb-root\"><\/div>\n<div id=\"attachment_194426\" style=\"width: 490px\" class=\"wp-caption aligncenter\"><img loading=\"lazy\" decoding=\"async\" aria-describedby=\"caption-attachment-194426\" class=\"size-full wp-image-194426\" src=\"http:\/\/www.radioluna.it\/news\/wp-content\/uploads\/2017\/06\/laccio-e-carla-fracci.jpg\" alt=\"\" width=\"480\" height=\"360\" srcset=\"https:\/\/www.radioluna.it\/news\/wp-content\/uploads\/2017\/06\/laccio-e-carla-fracci.jpg 480w, https:\/\/www.radioluna.it\/news\/wp-content\/uploads\/2017\/06\/laccio-e-carla-fracci-300x225.jpg 300w\" sizes=\"auto, (max-width: 480px) 100vw, 480px\" \/><p id=\"caption-attachment-194426\" class=\"wp-caption-text\">Laccio e Carla Fracci<\/p><\/div>\n<p style=\"text-align: justify;\"><strong>LATINA<\/strong> &#8211; Lei \u00e8 l&#8217;etoile per eccellenza, la mitica Carla Fracci. Lui \u00e8 Emanuele Cristofoli, in arte Laccio, ballerino di Latina fondatore dei Modulo (ormai di casa a Milano) tra i pi\u00f9 quotati sulla scena nazionale, regista e coach in importanti trasmissioni televisive. Eccoli insieme in un post pubblicato da Laccio che scrive: &#8220;Poi arriva il giorno che ti metti in sala prove con CARLA FRACCI per preparare il dadaumpa!! Sempre merito di #virginiaraffaele \u2764\ufe0f #carlafracci&#8221;.<\/p>\n<p>Proprio la grande ballerina classica \u00e8 stata infatti tra gli ospiti dell&#8217;ultima puntata di Facciamo che io ero di Virginia Raffaele esibendosi con una finta Alice Kessler in Dadaumpa<\/p>\n","protected":false},"excerpt":{"rendered":"<p>LATINA &#8211; Lei \u00e8 l&#8217;etoile per eccellenza, la mitica Carla Fracci. Lui \u00e8 Emanuele Cristofoli, in arte Laccio, ballerino di Latina fondatore dei Modulo (ormai di casa a Milano) tra i pi\u00f9 quotati sulla scena nazionale, regista e coach in importanti trasmissioni televisive. Eccoli insieme in un post pubblicato da Laccio che scrive: &#8220;Poi arriva [&hellip;]<\/p>\n","protected":false},"author":62,"featured_media":194426,"comment_status":"open","ping_status":"closed","sticky":false,"template":"","format":"standard","meta":{"footnotes":""},"categories":[735],"tags":[],"class_list":["post-194425","post","type-post","status-publish","format-standard","has-post-thumbnail","hentry","category-attualita"],"_links":{"self":[{"href":"https:\/\/www.radioluna.it\/news\/wp-json\/wp\/v2\/posts\/194425","targetHints":{"allow":["GET"]}}],"collection":[{"href":"https:\/\/www.radioluna.it\/news\/wp-json\/wp\/v2\/posts"}],"about":[{"href":"https:\/\/www.radioluna.it\/news\/wp-json\/wp\/v2\/types\/post"}],"author":[{"embeddable":true,"href":"https:\/\/www.radioluna.it\/news\/wp-json\/wp\/v2\/users\/62"}],"replies":[{"embeddable":true,"href":"https:\/\/www.radioluna.it\/news\/wp-json\/wp\/v2\/comments?post=194425"}],"version-history":[{"count":0,"href":"https:\/\/www.radioluna.it\/news\/wp-json\/wp\/v2\/posts\/194425\/revisions"}],"wp:featuredmedia":[{"embeddable":true,"href":"https:\/\/www.radioluna.it\/news\/wp-json\/wp\/v2\/media\/194426"}],"wp:attachment":[{"href":"https:\/\/www.radioluna.it\/news\/wp-json\/wp\/v2\/media?parent=194425"}],"wp:term":[{"taxonomy":"category","embeddable":true,"href":"https:\/\/www.radioluna.it\/news\/wp-json\/wp\/v2\/categories?post=194425"},{"taxonomy":"post_tag","embeddable":true,"href":"https:\/\/www.radioluna.it\/news\/wp-json\/wp\/v2\/tags?post=194425"}],"curies":[{"name":"wp","href":"https:\/\/api.w.org\/{rel}","templated":true}]}}