{"id":194442,"date":"2017-06-09T09:09:37","date_gmt":"2017-06-09T07:09:37","guid":{"rendered":"http:\/\/www.radioluna.it\/news\/?p=194442"},"modified":"2017-06-09T09:11:03","modified_gmt":"2017-06-09T07:11:03","slug":"violenza-di-genere-le-parole-per-dirlo-quattro-donne-e-un-corto-per-parlarne","status":"publish","type":"post","link":"https:\/\/www.radioluna.it\/news\/2017\/06\/violenza-di-genere-le-parole-per-dirlo-quattro-donne-e-un-corto-per-parlarne\/","title":{"rendered":"Violenza di genere, &#8220;Le parole per dirlo&#8221;. Quattro donne e un corto per parlarne"},"content":{"rendered":"<div id=\"fb-root\"><\/div>\n<p><iframe loading=\"lazy\" title=\"Vacanze Separate (teaser)\" width=\"740\" height=\"416\" src=\"https:\/\/www.youtube.com\/embed\/YxqhPEwdMoY?feature=oembed\" frameborder=\"0\" allow=\"accelerometer; autoplay; clipboard-write; encrypted-media; gyroscope; picture-in-picture; web-share\" referrerpolicy=\"strict-origin-when-cross-origin\" allowfullscreen><\/iframe><\/p>\n<p style=\"text-align: justify;\"><strong>LATINA<\/strong> &#8211; Un incontro per riflettere su come si racconta oggi la violenza sulle donne, quali suggestioni e parole si utilizzano. Luciana Mattei\u00a0e Laura De Angelis\u00a0ne parleranno con\u00a0Flavia Perina, giornalista, politica e scrittrice, e\u00a0Costanza Jesurum, psicoterapeuta e scrittrice, oggi, venerd\u00ec 9 giugno alle 18 nella sala conferenze del Palazzo della Cultura (Via Umberto I, 41) dove sar\u00e0 anche proiettato in anteprima nazionale il cortometraggio di Gabriele Br\u00f2cani,\u00a0Vacanze Separate, con le musiche originali di Niccol\u00f2 Fabi, e nella selezione ufficiale del Puerto Madero International Film Festival.<\/p>\n<p style=\"text-align: justify;\">&#8220;L&#8217;idea \u00e8 stata quella di trattare il tema da un diverso punto di vista &#8211; spiega Brocani &#8211; Nel mio cortometraggio la violenza di genere non \u00e8 visibile, ma emerge nel dialogo tra due donne che condividono un legame molto intenso&#8221;.<\/p>\n<p style=\"text-align: justify;\">Parole che pesano, dunque. Perch\u00e9 usare proprio quelle \u00a0e non altre? Quali sono gli effetti di un certo registro narrativo? Quale posto vanno ad occupare nel nostro immaginario tutti gli influssi provenienti da ci\u00f2 che leggiamo o ascoltiamo in termini di racconto delle azioni tragicamente aggressive di cui abbiamo notizia, quale influenza giocano sulle nostre opinioni? Sono alcune delle domande a cui si cercher\u00e0 di dare una risposta nell&#8217;incontro in programma al Palacultura.<\/p>\n<p style=\"text-align: justify;\">L&#8217;appuntamento \u00e8 organizzato dall&#8217;associazione culturale Magma.<\/p>\n","protected":false},"excerpt":{"rendered":"<p>LATINA &#8211; Un incontro per riflettere su come si racconta oggi la violenza sulle donne, quali suggestioni e parole si utilizzano. Luciana Mattei\u00a0e Laura De Angelis\u00a0ne parleranno con\u00a0Flavia Perina, giornalista, politica e scrittrice, e\u00a0Costanza Jesurum, psicoterapeuta e scrittrice, oggi, venerd\u00ec 9 giugno alle 18 nella sala conferenze del Palazzo della Cultura (Via Umberto I, 41) [&hellip;]<\/p>\n","protected":false},"author":62,"featured_media":194445,"comment_status":"open","ping_status":"closed","sticky":false,"template":"","format":"standard","meta":{"footnotes":""},"categories":[16,2312],"tags":[],"class_list":["post-194442","post","type-post","status-publish","format-standard","has-post-thumbnail","hentry","category-appuntamenti","category-video"],"_links":{"self":[{"href":"https:\/\/www.radioluna.it\/news\/wp-json\/wp\/v2\/posts\/194442","targetHints":{"allow":["GET"]}}],"collection":[{"href":"https:\/\/www.radioluna.it\/news\/wp-json\/wp\/v2\/posts"}],"about":[{"href":"https:\/\/www.radioluna.it\/news\/wp-json\/wp\/v2\/types\/post"}],"author":[{"embeddable":true,"href":"https:\/\/www.radioluna.it\/news\/wp-json\/wp\/v2\/users\/62"}],"replies":[{"embeddable":true,"href":"https:\/\/www.radioluna.it\/news\/wp-json\/wp\/v2\/comments?post=194442"}],"version-history":[{"count":0,"href":"https:\/\/www.radioluna.it\/news\/wp-json\/wp\/v2\/posts\/194442\/revisions"}],"wp:featuredmedia":[{"embeddable":true,"href":"https:\/\/www.radioluna.it\/news\/wp-json\/wp\/v2\/media\/194445"}],"wp:attachment":[{"href":"https:\/\/www.radioluna.it\/news\/wp-json\/wp\/v2\/media?parent=194442"}],"wp:term":[{"taxonomy":"category","embeddable":true,"href":"https:\/\/www.radioluna.it\/news\/wp-json\/wp\/v2\/categories?post=194442"},{"taxonomy":"post_tag","embeddable":true,"href":"https:\/\/www.radioluna.it\/news\/wp-json\/wp\/v2\/tags?post=194442"}],"curies":[{"name":"wp","href":"https:\/\/api.w.org\/{rel}","templated":true}]}}