{"id":194578,"date":"2017-06-13T09:00:00","date_gmt":"2017-06-13T07:00:00","guid":{"rendered":"http:\/\/www.radioluna.it\/news\/?p=194578"},"modified":"2017-06-13T09:00:00","modified_gmt":"2017-06-13T07:00:00","slug":"gino-paoli-e-danilo-rea-a-latina","status":"publish","type":"post","link":"https:\/\/www.radioluna.it\/news\/2017\/06\/gino-paoli-e-danilo-rea-a-latina\/","title":{"rendered":"Gino Paoli e Danilo Rea a Latina"},"content":{"rendered":"<div id=\"fb-root\"><\/div>\n<div id=\"attachment_194580\" style=\"width: 699px\" class=\"wp-caption aligncenter\"><img loading=\"lazy\" decoding=\"async\" aria-describedby=\"caption-attachment-194580\" class=\"size-thumbnail wp-image-194580\" src=\"http:\/\/www.radioluna.it\/news\/wp-content\/uploads\/2017\/06\/paoli-rea-689x1007.jpg\" alt=\"\" width=\"689\" height=\"1007\" srcset=\"https:\/\/www.radioluna.it\/news\/wp-content\/uploads\/2017\/06\/paoli-rea-689x1007.jpg 689w, https:\/\/www.radioluna.it\/news\/wp-content\/uploads\/2017\/06\/paoli-rea-205x300.jpg 205w, https:\/\/www.radioluna.it\/news\/wp-content\/uploads\/2017\/06\/paoli-rea-768x1123.jpg 768w, https:\/\/www.radioluna.it\/news\/wp-content\/uploads\/2017\/06\/paoli-rea-700x1024.jpg 700w, https:\/\/www.radioluna.it\/news\/wp-content\/uploads\/2017\/06\/paoli-rea-800x1170.jpg 800w, https:\/\/www.radioluna.it\/news\/wp-content\/uploads\/2017\/06\/paoli-rea.jpg 1000w\" sizes=\"auto, (max-width: 689px) 100vw, 689px\" \/><p id=\"caption-attachment-194580\" class=\"wp-caption-text\">cof<\/p><\/div>\n<p style=\"text-align: justify;\"><strong>LATINA<\/strong> &#8211; Gino Paoli suoner\u00e0 con Danilo Rea a Latina al campo Coni di Via Botticelli il 20 luglio. E&#8217; l&#8217;unica data estiva nel Lazio, per il prestigioso duo (l&#8217;alternativa infatti \u00e8 Alassio). L&#8217;iniziativa \u00e8 dell&#8217;associazione Eleomai per i Salotti Musicali, la rassegna musicale che alla sua quarta edizione \u00e8 pronta per affrontare un concerto che promette di richiamare pubblico da tutto il centro Italia. Totalmente nuova la location.<\/p>\n<p style=\"text-align: justify;\">L&#8217;idea del concerto che si intitola \u201cDue come noi che\u2026\u201d \u00e8 quella di mettere insieme la voce \u00a0di un grande interprete della canzone d\u2019autore italiana e il pianoforte di uno dei pi\u00f9 lirici e creativi pianisti di oggi. Il repertorio ha alcuni punti di riferimento, ma si nutre anche di improvvisazione rendendo ogni data del il live in qualche modo unica, con una scaletta costruita tra grandi classici nazionali e internazionali, gli indimenticabili successi di Paoli, o magari come accaduto al San Carlo di Napoli. con le canzoni d\u2019autore napoletane.<\/p>\n<p style=\"text-align: justify;\">Posticipato a dicembre il concerto \u00a0all&#8217;Auditorium Parco della Musica di Roma, Latina diventa &#8220;la tappa&#8221; \u00a0per il duo Paoli-Rea. Il concerto sar\u00e0 il quarto de I Salotti Musicali che prenderanno il via il 29 giugno con il concerto del pianista Michele Di Toro nella location del Consorzio di Bonifica.<\/p>\n","protected":false},"excerpt":{"rendered":"<p>LATINA &#8211; Gino Paoli suoner\u00e0 con Danilo Rea a Latina al campo Coni di Via Botticelli il 20 luglio. E&#8217; l&#8217;unica data estiva nel Lazio, per il prestigioso duo (l&#8217;alternativa infatti \u00e8 Alassio). L&#8217;iniziativa \u00e8 dell&#8217;associazione Eleomai per i Salotti Musicali, la rassegna musicale che alla sua quarta edizione \u00e8 pronta per affrontare un concerto [&hellip;]<\/p>\n","protected":false},"author":62,"featured_media":194581,"comment_status":"open","ping_status":"closed","sticky":false,"template":"","format":"standard","meta":{"footnotes":""},"categories":[735],"tags":[],"class_list":["post-194578","post","type-post","status-publish","format-standard","has-post-thumbnail","hentry","category-attualita"],"_links":{"self":[{"href":"https:\/\/www.radioluna.it\/news\/wp-json\/wp\/v2\/posts\/194578","targetHints":{"allow":["GET"]}}],"collection":[{"href":"https:\/\/www.radioluna.it\/news\/wp-json\/wp\/v2\/posts"}],"about":[{"href":"https:\/\/www.radioluna.it\/news\/wp-json\/wp\/v2\/types\/post"}],"author":[{"embeddable":true,"href":"https:\/\/www.radioluna.it\/news\/wp-json\/wp\/v2\/users\/62"}],"replies":[{"embeddable":true,"href":"https:\/\/www.radioluna.it\/news\/wp-json\/wp\/v2\/comments?post=194578"}],"version-history":[{"count":0,"href":"https:\/\/www.radioluna.it\/news\/wp-json\/wp\/v2\/posts\/194578\/revisions"}],"wp:featuredmedia":[{"embeddable":true,"href":"https:\/\/www.radioluna.it\/news\/wp-json\/wp\/v2\/media\/194581"}],"wp:attachment":[{"href":"https:\/\/www.radioluna.it\/news\/wp-json\/wp\/v2\/media?parent=194578"}],"wp:term":[{"taxonomy":"category","embeddable":true,"href":"https:\/\/www.radioluna.it\/news\/wp-json\/wp\/v2\/categories?post=194578"},{"taxonomy":"post_tag","embeddable":true,"href":"https:\/\/www.radioluna.it\/news\/wp-json\/wp\/v2\/tags?post=194578"}],"curies":[{"name":"wp","href":"https:\/\/api.w.org\/{rel}","templated":true}]}}