{"id":194582,"date":"2017-06-13T09:28:59","date_gmt":"2017-06-13T07:28:59","guid":{"rendered":"http:\/\/www.radioluna.it\/news\/?p=194582"},"modified":"2017-06-13T09:28:59","modified_gmt":"2017-06-13T07:28:59","slug":"matteo-vaccaro-e-la-vera-giustizia-un-garante-anche-per-le-vittime","status":"publish","type":"post","link":"https:\/\/www.radioluna.it\/news\/2017\/06\/matteo-vaccaro-e-la-vera-giustizia-un-garante-anche-per-le-vittime\/","title":{"rendered":"Matteo Vaccaro e la vera giustizia: &#8220;Un Garante anche per le vittime&#8221;"},"content":{"rendered":"<div id=\"fb-root\"><\/div>\n<div id=\"attachment_137828\" style=\"width: 307px\" class=\"wp-caption alignleft\"><img loading=\"lazy\" decoding=\"async\" aria-describedby=\"caption-attachment-137828\" class=\"wp-image-137828 size-medium\" src=\"http:\/\/www.radioluna.it\/news\/wp-content\/uploads\/2013\/06\/matteo-vaccaro-297x300.jpg\" alt=\"\" width=\"297\" height=\"300\" \/><p id=\"caption-attachment-137828\" class=\"wp-caption-text\">Matteo Vaccaro<\/p><\/div>\n<p style=\"text-align: justify;\"><strong>LATINA<\/strong> &#8211; Esiste un Garante per i detenuti, ma non per le vittime. Dopo aver perso Matteo, lo studente universitario di veterinaria ucciso al Parco Europa di Latina il 31 gennaio del 2011, il pap\u00e0, Valentino Vaccaro, non si \u00e8 arreso all&#8217;assurdit\u00e0 di quella morte ed \u00e8 entrato nell&#8217; Osservatorio Nazionale Sostegno Vittime al quale hanno aderito \u00a0&#8211; spiega &#8211; &#8220;numerosissime persone che hanno subito tragici eventi e che combatteranno affinch\u00e9 lo Stato assuma un impegno maggiore nella prevenzione e perch\u00e9 siano maggiormente tutelati i cittadini onesti e civili e non i delinquenti. Un movimento d\u2019opinione che obblighi i nostri politici ad affrontare seriamente i problemi relativi&#8221;. L&#8217;Osservatorio chiede che sia istituito un Garante anche per le vittime, ma i tempi non sono maturi.<\/p>\n<p style=\"text-align: justify;\">L&#8217;ordine del giorno per la costituzione dell&#8217;organismo si \u00e8 infatti arenato alla Camera dei Deputati. &#8220;La proposta avanzata dall&#8217;On. Walter Rizzetto di inserire un ordine del giorno per l&#8217;Istituzione del Garante Nazionale per la Tutela delle Vittime, ordine del giorno sollecitato dall&#8217;Osservatorio Nazionale Sostegno Vittime&#8221; ha ottenuto il s\u00ec di Fratelli d&#8217;Italia, Lega Nord, Forza Italia e M5S, memtre ha votato contro il Pd. &#8220;Pare assurdo&#8221; &#8211; hanno commentato l&#8217;avvocatessa Elisabetta Aldrovandi e Federica Pagani Raccagni, rispettivamente Presidente e Coordinatrice dell&#8217;Osservatorio &#8211; che la richiesta di mettere in discussione l&#8217;istituzione di una figura di riferimento fondamentale come il Garante per le Vittime sia stata bocciata dal Pd. \u00c8 vero che si tratta di un ruolo assegnato dai Presidenti delle Camere, ma aprire un dialogo, una discussione su un tema cos\u00ec importante anche a livello parlamentare avrebbe rappresentato un segnale di attenzione per tutte quelle persone vittime di reati cui viene sistematicamente negata Giustizia. Esiste il Garante per i diritti dei detenuti \u00a0&#8211; chiosano Aldrovandi e Pagani Raccagni \u00a0-\u00e8 questione di uguaglianza ed equit\u00e0 che sia istituito anche quello a Tutela delle Vittime. La nostra battaglia continua, e non sar\u00e0 certo un inghippo iniziale a fermare la nostra volont\u00e0 di ottenere per le Vittime quella Giustizia cui hanno diritto&#8221;.<\/p>\n<p>&nbsp;<\/p>\n<p>&#8220;Ho sempre \u00a0detto &#8211; scrive Valentino vaccaro su Fb &#8211; che la tragica vicenda che ci ha toccato non era finita. se non si prenderanno provvedimenti, altri potrebbero trovarsi nella nostra stessa situazione&#8221;.<\/p>\n<p>&nbsp;<\/p>\n","protected":false},"excerpt":{"rendered":"<p>LATINA &#8211; Esiste un Garante per i detenuti, ma non per le vittime. Dopo aver perso Matteo, lo studente universitario di veterinaria ucciso al Parco Europa di Latina il 31 gennaio del 2011, il pap\u00e0, Valentino Vaccaro, non si \u00e8 arreso all&#8217;assurdit\u00e0 di quella morte ed \u00e8 entrato nell&#8217; Osservatorio Nazionale Sostegno Vittime al quale [&hellip;]<\/p>\n","protected":false},"author":62,"featured_media":137828,"comment_status":"open","ping_status":"closed","sticky":false,"template":"","format":"standard","meta":{"footnotes":""},"categories":[7],"tags":[],"class_list":["post-194582","post","type-post","status-publish","format-standard","has-post-thumbnail","hentry","category-cronaca"],"_links":{"self":[{"href":"https:\/\/www.radioluna.it\/news\/wp-json\/wp\/v2\/posts\/194582","targetHints":{"allow":["GET"]}}],"collection":[{"href":"https:\/\/www.radioluna.it\/news\/wp-json\/wp\/v2\/posts"}],"about":[{"href":"https:\/\/www.radioluna.it\/news\/wp-json\/wp\/v2\/types\/post"}],"author":[{"embeddable":true,"href":"https:\/\/www.radioluna.it\/news\/wp-json\/wp\/v2\/users\/62"}],"replies":[{"embeddable":true,"href":"https:\/\/www.radioluna.it\/news\/wp-json\/wp\/v2\/comments?post=194582"}],"version-history":[{"count":0,"href":"https:\/\/www.radioluna.it\/news\/wp-json\/wp\/v2\/posts\/194582\/revisions"}],"wp:featuredmedia":[{"embeddable":true,"href":"https:\/\/www.radioluna.it\/news\/wp-json\/wp\/v2\/media\/137828"}],"wp:attachment":[{"href":"https:\/\/www.radioluna.it\/news\/wp-json\/wp\/v2\/media?parent=194582"}],"wp:term":[{"taxonomy":"category","embeddable":true,"href":"https:\/\/www.radioluna.it\/news\/wp-json\/wp\/v2\/categories?post=194582"},{"taxonomy":"post_tag","embeddable":true,"href":"https:\/\/www.radioluna.it\/news\/wp-json\/wp\/v2\/tags?post=194582"}],"curies":[{"name":"wp","href":"https:\/\/api.w.org\/{rel}","templated":true}]}}