{"id":194583,"date":"2017-06-13T10:33:34","date_gmt":"2017-06-13T08:33:34","guid":{"rendered":"http:\/\/www.radioluna.it\/news\/?p=194583"},"modified":"2017-06-13T16:49:00","modified_gmt":"2017-06-13T14:49:00","slug":"pronto-soccorso-goretti-terzo-giorno-di-attesa-in-barella-per-il-paziente-x-lodissea-del-pasto","status":"publish","type":"post","link":"https:\/\/www.radioluna.it\/news\/2017\/06\/pronto-soccorso-goretti-terzo-giorno-di-attesa-in-barella-per-il-paziente-x-lodissea-del-pasto\/","title":{"rendered":"Pronto soccorso Goretti, terzo giorno di attesa in barella per il paziente &#8220;X&#8221;. L&#8217;odissea del pasto"},"content":{"rendered":"<div id=\"fb-root\"><\/div>\n<p style=\"text-align: justify;\"><strong><img loading=\"lazy\" decoding=\"async\" class=\"aligncenter size-thumbnail wp-image-163423\" src=\"http:\/\/www.radioluna.it\/news\/wp-content\/uploads\/2015\/04\/ospedale-Goretti-foto-Anna-635x476.jpg\" alt=\"\" width=\"635\" height=\"476\" srcset=\"https:\/\/www.radioluna.it\/news\/wp-content\/uploads\/2015\/04\/ospedale-Goretti-foto-Anna-635x476.jpg 635w, https:\/\/www.radioluna.it\/news\/wp-content\/uploads\/2015\/04\/ospedale-Goretti-foto-Anna-768x576.jpg 768w, https:\/\/www.radioluna.it\/news\/wp-content\/uploads\/2015\/04\/ospedale-Goretti-foto-Anna-500x375.jpg 500w, https:\/\/www.radioluna.it\/news\/wp-content\/uploads\/2015\/04\/ospedale-Goretti-foto-Anna-300x225.jpg 300w, https:\/\/www.radioluna.it\/news\/wp-content\/uploads\/2015\/04\/ospedale-Goretti-foto-Anna-1024x768.jpg 1024w, https:\/\/www.radioluna.it\/news\/wp-content\/uploads\/2015\/04\/ospedale-Goretti-foto-Anna-800x600.jpg 800w, https:\/\/www.radioluna.it\/news\/wp-content\/uploads\/2015\/04\/ospedale-Goretti-foto-Anna.jpg 1000w\" sizes=\"auto, (max-width: 635px) 100vw, 635px\" \/>LATINA<\/strong> &#8211; Il nostro paziente &#8220;X&#8221; \u00e8 sempre in barella al pronto soccorso. Da sabato mattina alle 7 sono passati tre giorni pieni e il posto letto fino ad ora non si \u00e8 liberato. Dunque non potendo essere dimesso perch\u00e9 in attesa di intervento chirurgico, resta dov&#8217;\u00e8, nei locali al piano terra del Goretti, in una situazione che non \u00e8 ingeneroso definire lesiva della dignit\u00e0. Lo siamo andati a trovare: le barelle sono ammassate a distanza di 10 centimetri l&#8217;una dall&#8217;altra, donne e uomini insieme, pazienti (nel senso pi\u00f9 proprio del termine) \u00a0con esigenze e patologie diverse che condividono uno spazio divenuto angusto a causa del sovraffollamento: 15 persone nella stessa stanza e i parenti fatti entrare a turno per portare un minimo di conforto.<\/p>\n<p style=\"text-align: justify;\">La cosa peggiore sono i bagni, infrequentabili, con il cattivo odore che prende allo stomaco. Decine ad usare gli stessi servizi igienici che avrebbero bisogno di pulizie continue (come ormai avviene in autogrill e stazioni, ma non in ospedale). Lavarsi \u00e8 una parola grossa, un lusso, con conseguenze immaginabili per l&#8217;igiene personale. Per non parlare dell&#8217;ipocrisia del separ\u00e8 quando donne e uomini devono essere visitati in presenza di persone sconosciute dell&#8217;altro sesso. La privacy, correttamente tutelata se qualcuno tira fuori un cellulare per documentare lo stato della situazione, in questo caso non solo non conta nulla, ma si ha l&#8217;impressione che venga usata per evitare imbarazzante pubblicit\u00e0 negativa.<\/p>\n<p style=\"text-align: justify;\">C&#8217;\u00e8 poi il cibo: si mangia seduti sulla barella-letto, senza tavolino, ma anche senza il minimo appoggio. Il pasto viene servito in una ciotola di plastica con dentro una minestra non riscaldata e \u00a0la \u00a0sigillatura (una resistente pellicola incollata ai bordi) va aperta tenendo il contenitore in bilico magari sulle gambe o appoggiati alla meglio. L&#8217;operazione si \u00e8 rivelata troppo difficile per un&#8217;anziana che l&#8217;ha rovesciata.<\/p>\n<p style=\"text-align: justify;\">Con un affollamento del genere \u00e8 chiaro che anche l&#8217;igiene e la sanit\u00e0 complessiva dei locali ne risente.<\/p>\n<p style=\"text-align: justify;\">Insomma, qui non si mette in dubbio la professionalit\u00e0 di medici e paramedici, anzi la loro dignit\u00e0 \u00e8 lesa quanto quella dei pazienti. La domanda sorge spontanea: \u00e8 giusto tutto questo?<\/p>\n<p style=\"text-align: justify;\">Per la cronaca: dopo 80 ore di attesa in barella al Pronto soccorso il paziente &#8220;X&#8221; \u00e8 stato ricoverato.<\/p>\n","protected":false},"excerpt":{"rendered":"<p>LATINA &#8211; Il nostro paziente &#8220;X&#8221; \u00e8 sempre in barella al pronto soccorso. Da sabato mattina alle 7 sono passati tre giorni pieni e il posto letto fino ad ora non si \u00e8 liberato. Dunque non potendo essere dimesso perch\u00e9 in attesa di intervento chirurgico, resta dov&#8217;\u00e8, nei locali al piano terra del Goretti, in [&hellip;]<\/p>\n","protected":false},"author":62,"featured_media":163423,"comment_status":"open","ping_status":"closed","sticky":false,"template":"","format":"standard","meta":{"footnotes":""},"categories":[7],"tags":[],"class_list":["post-194583","post","type-post","status-publish","format-standard","has-post-thumbnail","hentry","category-cronaca"],"_links":{"self":[{"href":"https:\/\/www.radioluna.it\/news\/wp-json\/wp\/v2\/posts\/194583","targetHints":{"allow":["GET"]}}],"collection":[{"href":"https:\/\/www.radioluna.it\/news\/wp-json\/wp\/v2\/posts"}],"about":[{"href":"https:\/\/www.radioluna.it\/news\/wp-json\/wp\/v2\/types\/post"}],"author":[{"embeddable":true,"href":"https:\/\/www.radioluna.it\/news\/wp-json\/wp\/v2\/users\/62"}],"replies":[{"embeddable":true,"href":"https:\/\/www.radioluna.it\/news\/wp-json\/wp\/v2\/comments?post=194583"}],"version-history":[{"count":0,"href":"https:\/\/www.radioluna.it\/news\/wp-json\/wp\/v2\/posts\/194583\/revisions"}],"wp:featuredmedia":[{"embeddable":true,"href":"https:\/\/www.radioluna.it\/news\/wp-json\/wp\/v2\/media\/163423"}],"wp:attachment":[{"href":"https:\/\/www.radioluna.it\/news\/wp-json\/wp\/v2\/media?parent=194583"}],"wp:term":[{"taxonomy":"category","embeddable":true,"href":"https:\/\/www.radioluna.it\/news\/wp-json\/wp\/v2\/categories?post=194583"},{"taxonomy":"post_tag","embeddable":true,"href":"https:\/\/www.radioluna.it\/news\/wp-json\/wp\/v2\/tags?post=194583"}],"curies":[{"name":"wp","href":"https:\/\/api.w.org\/{rel}","templated":true}]}}