{"id":194590,"date":"2017-06-14T08:52:27","date_gmt":"2017-06-14T06:52:27","guid":{"rendered":"http:\/\/www.radioluna.it\/news\/?p=194590"},"modified":"2017-06-14T08:52:27","modified_gmt":"2017-06-14T06:52:27","slug":"laperitif-sulle-dune-di-sabaudia","status":"publish","type":"post","link":"https:\/\/www.radioluna.it\/news\/2017\/06\/laperitif-sulle-dune-di-sabaudia\/","title":{"rendered":"L&#8217;aperitif sulle Dune di Sabaudia"},"content":{"rendered":"<div id=\"fb-root\"><\/div>\n<p style=\"text-align: justify;\"><img loading=\"lazy\" decoding=\"async\" class=\"aligncenter size-thumbnail wp-image-194591\" src=\"http:\/\/www.radioluna.it\/news\/wp-content\/uploads\/2017\/06\/DUNE-689x247.jpg\" alt=\"\" width=\"689\" height=\"247\" srcset=\"https:\/\/www.radioluna.it\/news\/wp-content\/uploads\/2017\/06\/DUNE-689x247.jpg 689w, https:\/\/www.radioluna.it\/news\/wp-content\/uploads\/2017\/06\/DUNE-300x108.jpg 300w, https:\/\/www.radioluna.it\/news\/wp-content\/uploads\/2017\/06\/DUNE-768x276.jpg 768w, https:\/\/www.radioluna.it\/news\/wp-content\/uploads\/2017\/06\/DUNE-800x287.jpg 800w, https:\/\/www.radioluna.it\/news\/wp-content\/uploads\/2017\/06\/DUNE.jpg 1000w\" sizes=\"auto, (max-width: 689px) 100vw, 689px\" \/><strong>SABAUDIA<\/strong>&#8211; Un aperitivo in giardino, al tramonto, con vista sulla pi\u00f9 bella spiaggia del litorale pontino. E&#8217; l&#8217;Aperitif, momento musicale (con cena a buffet), organizzato dall&#8217;Hotel le Dune di Sabaudia con Manfredi Event per venerd\u00ec 16 giugno, secondo appuntamento di una serie quindicinale che andr\u00e0 avanti fino a met\u00e0 settembre.<\/p>\n<p style=\"text-align: justify;\">&#8220;Dalle 20 alle 22 l&#8217;aperitivo accompagnato dalla lounge music del sax live di Pablo, con la voce \u00a0di Alessia Orlandi (da Amici) e le percussioni di Teodoro Delfino &#8211; spiega il dj Antonello Bortolotto che sar\u00e0 protagonista della seconda parte della serata &#8211; Dalle 22 ci sono io, con il mio dj set di musica Nu disco, Funky e Deep house, si balla sotto le stelle e un un&#8217;ambientazione mediterranea unica. E&#8217; tutto molto suggestivo&#8221;.<\/p>\n<p>L&#8217;ingresso \u00e8 solo su prenotazione al 3335864426.<\/p>\n","protected":false},"excerpt":{"rendered":"<p>SABAUDIA&#8211; Un aperitivo in giardino, al tramonto, con vista sulla pi\u00f9 bella spiaggia del litorale pontino. E&#8217; l&#8217;Aperitif, momento musicale (con cena a buffet), organizzato dall&#8217;Hotel le Dune di Sabaudia con Manfredi Event per venerd\u00ec 16 giugno, secondo appuntamento di una serie quindicinale che andr\u00e0 avanti fino a met\u00e0 settembre. &#8220;Dalle 20 alle 22 l&#8217;aperitivo [&hellip;]<\/p>\n","protected":false},"author":60,"featured_media":194591,"comment_status":"open","ping_status":"closed","sticky":false,"template":"","format":"standard","meta":{"footnotes":""},"categories":[735],"tags":[],"class_list":["post-194590","post","type-post","status-publish","format-standard","has-post-thumbnail","hentry","category-attualita"],"_links":{"self":[{"href":"https:\/\/www.radioluna.it\/news\/wp-json\/wp\/v2\/posts\/194590","targetHints":{"allow":["GET"]}}],"collection":[{"href":"https:\/\/www.radioluna.it\/news\/wp-json\/wp\/v2\/posts"}],"about":[{"href":"https:\/\/www.radioluna.it\/news\/wp-json\/wp\/v2\/types\/post"}],"author":[{"embeddable":true,"href":"https:\/\/www.radioluna.it\/news\/wp-json\/wp\/v2\/users\/60"}],"replies":[{"embeddable":true,"href":"https:\/\/www.radioluna.it\/news\/wp-json\/wp\/v2\/comments?post=194590"}],"version-history":[{"count":0,"href":"https:\/\/www.radioluna.it\/news\/wp-json\/wp\/v2\/posts\/194590\/revisions"}],"wp:featuredmedia":[{"embeddable":true,"href":"https:\/\/www.radioluna.it\/news\/wp-json\/wp\/v2\/media\/194591"}],"wp:attachment":[{"href":"https:\/\/www.radioluna.it\/news\/wp-json\/wp\/v2\/media?parent=194590"}],"wp:term":[{"taxonomy":"category","embeddable":true,"href":"https:\/\/www.radioluna.it\/news\/wp-json\/wp\/v2\/categories?post=194590"},{"taxonomy":"post_tag","embeddable":true,"href":"https:\/\/www.radioluna.it\/news\/wp-json\/wp\/v2\/tags?post=194590"}],"curies":[{"name":"wp","href":"https:\/\/api.w.org\/{rel}","templated":true}]}}