{"id":194630,"date":"2017-06-14T10:50:52","date_gmt":"2017-06-14T08:50:52","guid":{"rendered":"http:\/\/www.radioluna.it\/news\/?p=194630"},"modified":"2017-06-14T10:50:52","modified_gmt":"2017-06-14T08:50:52","slug":"yuki-ishikawa-e-ancora-un-giocatore-della-top-volley-latina","status":"publish","type":"post","link":"https:\/\/www.radioluna.it\/news\/2017\/06\/yuki-ishikawa-e-ancora-un-giocatore-della-top-volley-latina\/","title":{"rendered":"Yuki Ishikawa \u00e8 ancora un giocatore della Top Volley Latina"},"content":{"rendered":"<div id=\"fb-root\"><\/div>\n<p style=\"text-align: justify;\"><strong><a href=\"http:\/\/www.radioluna.it\/news\/wp-content\/uploads\/2017\/06\/Latina-Milano-1.jpg\"><img loading=\"lazy\" decoding=\"async\" class=\"aligncenter size-thumbnail wp-image-194631\" src=\"http:\/\/www.radioluna.it\/news\/wp-content\/uploads\/2017\/06\/Latina-Milano-1-689x460.jpg\" alt=\"\" width=\"689\" height=\"460\" \/><\/a>LATINA \u2013<\/strong>\u00a0Yuki Ishikawa sar\u00e0 per il secondo anno, un giocatore della Top Volley Latina. Il talento giapponese ha infatti prolungato il suo rapporto con la societ\u00e0 del capoluogo pontino fino al 2018 e quindi sar\u00e0 al via della prossima stagione fin da settembre, a disposizione del tecnico Vincenzo Di Pinto appena concluder\u00e0 gli impegni con la Nazionale giapponese.<\/p>\n<p style=\"text-align: justify;\">\u201cAvere a disposizione un giocatore come Ishikawa per noi \u00e8 motivo di orgoglio e siamo soddisfatti di aver prolungato il suo contratto anche per la prossima stagione \u2013 ammette Candido Grande, direttore sportivo della Top Volley Latina \u2013 la squadra sta prendendo forma e stiamo lavorando per consegnare al coach una formazione competitiva che possa emozionare il pubblico e creare entusiasmo nei nuovi tifosi che si avvicineranno al nostro progetto. Nel breve periodo in cui abbiamo avuto Ishikawa nella passata stagione ha dimostrato di poter fare molto bene con margini di crescita altissimi\u201d. Yuki, dopo essere stato di nuovo in Italia nelle scorse settimane, dove ha partecipato alla Vesuvio Cup di Napoli, il torneo internazionale con Italia, Giappone e Argentina \u00e8 volato con i suoi compagni di nazionale per gli impegni della World League.<\/p>\n<p style=\"text-align: justify;\">\u201cSono molto felice di poter giocare un altro anno in Italia nella Top Volley Latina, squadra dove nella passata stagione ho avuto la possibilit\u00e0 di crescere e soprattutto giocare molto: mi aspetto di poter continuare a lavorare al massimo per migliorare ancora e imparare sempre di pi\u00f9 da un campionato di altissimo livello come la Superlega italiana \u2013 chiarisce Yuki, &#8211; Allo stesso tempo continuer\u00f2 con il mio programma di studi e perfezioner\u00f2 la lingua italiana: mi auguro che sempre pi\u00f9 tifosi possano continuare a seguirmi e a sostenermi in questa importante avventura\u201d.<\/p>\n<p style=\"text-align: justify;\">Anche il neo coach Vincenzo Di Pinto ha detto la sua sul giocatore giapponese: \u201cIshikawa \u00e8 un grandissimo talento, ha buona tecnica e in questa stagione dovr\u00e0 fare un salto di qualit\u00e0, Yuki dovr\u00e0 lavorare molto, voglio che renda bene sotto pressione per poter diventare un grande giocatore. Sono sicuro che finora a Latina non si \u00e8 ancora visto Yuki Ishikawa al massimo livello\u201d.<\/p>\n<p style=\"text-align: justify;\">\n<div class=\"radio-posizionamento-telefono-in-articoli-dopo-il-contenuto-articolo radio-entity-placement\" id=\"radio-1394543274\"><div id=\"radio-3481965887\" style=\"width: 300px;height: 250px;\"><a href=\"https:\/\/www.icarspa.it\/auto\/usate\/latina\/\" aria-label=\"banner aprile icar new life &#8211; auto usate latina\"><img loading=\"lazy\" decoding=\"async\" src=\"https:\/\/www.radioluna.it\/news\/wp-content\/uploads\/2026\/02\/banner-aprile-icar-new-life-auto-usate-latina.gif\" alt=\"\"  width=\"300\" height=\"250\"   \/><\/a><\/div><\/div>","protected":false},"excerpt":{"rendered":"<p>LATINA \u2013\u00a0Yuki Ishikawa sar\u00e0 per il secondo anno, un giocatore della Top Volley Latina. Il talento giapponese ha infatti prolungato il suo rapporto con la societ\u00e0 del capoluogo pontino fino al 2018 e quindi sar\u00e0 al via della prossima stagione fin da settembre, a disposizione del tecnico Vincenzo Di Pinto appena concluder\u00e0 gli impegni con [&hellip;]<\/p>\n","protected":false},"author":5430,"featured_media":0,"comment_status":"open","ping_status":"closed","sticky":false,"template":"","format":"standard","meta":{"footnotes":""},"categories":[17],"tags":[],"class_list":["post-194630","post","type-post","status-publish","format-standard","hentry","category-sport"],"_links":{"self":[{"href":"https:\/\/www.radioluna.it\/news\/wp-json\/wp\/v2\/posts\/194630","targetHints":{"allow":["GET"]}}],"collection":[{"href":"https:\/\/www.radioluna.it\/news\/wp-json\/wp\/v2\/posts"}],"about":[{"href":"https:\/\/www.radioluna.it\/news\/wp-json\/wp\/v2\/types\/post"}],"author":[{"embeddable":true,"href":"https:\/\/www.radioluna.it\/news\/wp-json\/wp\/v2\/users\/5430"}],"replies":[{"embeddable":true,"href":"https:\/\/www.radioluna.it\/news\/wp-json\/wp\/v2\/comments?post=194630"}],"version-history":[{"count":0,"href":"https:\/\/www.radioluna.it\/news\/wp-json\/wp\/v2\/posts\/194630\/revisions"}],"wp:attachment":[{"href":"https:\/\/www.radioluna.it\/news\/wp-json\/wp\/v2\/media?parent=194630"}],"wp:term":[{"taxonomy":"category","embeddable":true,"href":"https:\/\/www.radioluna.it\/news\/wp-json\/wp\/v2\/categories?post=194630"},{"taxonomy":"post_tag","embeddable":true,"href":"https:\/\/www.radioluna.it\/news\/wp-json\/wp\/v2\/tags?post=194630"}],"curies":[{"name":"wp","href":"https:\/\/api.w.org\/{rel}","templated":true}]}}