{"id":194661,"date":"2017-06-14T19:52:20","date_gmt":"2017-06-14T17:52:20","guid":{"rendered":"http:\/\/www.radioluna.it\/news\/?p=194661"},"modified":"2017-06-14T19:52:20","modified_gmt":"2017-06-14T17:52:20","slug":"crisi-idrica-class-action-contro-acqualatina-e-i-sindaci-dellato4-si-riuniscono-a-formia","status":"publish","type":"post","link":"https:\/\/www.radioluna.it\/news\/2017\/06\/crisi-idrica-class-action-contro-acqualatina-e-i-sindaci-dellato4-si-riuniscono-a-formia\/","title":{"rendered":"Crisi idrica, class action contro Acqualatina. E i sindaci dell&#8217;Ato4 si riuniscono a Formia"},"content":{"rendered":"<div id=\"fb-root\"><\/div>\n<div id=\"attachment_194000\" style=\"width: 699px\" class=\"wp-caption aligncenter\"><img loading=\"lazy\" decoding=\"async\" aria-describedby=\"caption-attachment-194000\" class=\"size-thumbnail wp-image-194000\" src=\"http:\/\/www.radioluna.it\/news\/wp-content\/uploads\/2017\/05\/lauriola-e-besson-689x458.jpg\" alt=\"\" width=\"689\" height=\"458\" srcset=\"https:\/\/www.radioluna.it\/news\/wp-content\/uploads\/2017\/05\/lauriola-e-besson-689x458.jpg 689w, https:\/\/www.radioluna.it\/news\/wp-content\/uploads\/2017\/05\/lauriola-e-besson-300x200.jpg 300w, https:\/\/www.radioluna.it\/news\/wp-content\/uploads\/2017\/05\/lauriola-e-besson-768x511.jpg 768w, https:\/\/www.radioluna.it\/news\/wp-content\/uploads\/2017\/05\/lauriola-e-besson.jpg 800w\" sizes=\"auto, (max-width: 689px) 100vw, 689px\" \/><p id=\"caption-attachment-194000\" class=\"wp-caption-text\">Il Presidente di Acqualatina Lauriola e l&#8217;ad Besson<\/p><\/div>\n<p style=\"text-align: justify;\"><strong>LATINA &#8211;<\/strong>\u00a0Una class action contro Acqualatina per portare in Tribunale il caso, esasperante gi\u00e0 a giugno, \u00a0della carenza idrica nel sud pontino &#8220;fonte di gravissimi danni per i privati e per le attivit\u00e0 commerciali&#8221;. &#8220;Da una settimana \u00e8 difficile anche lavarsi i capelli&#8221;, assicurano alcuni utenti.<\/p>\n<p style=\"text-align: justify;\">L&#8217;azione collettiva \u00e8 promossa da un gruppo di avvocati civilisti e penalisti, gratuitamente, per tutti \u00a0i cittadini che vorranno aderire. \u201cL&#8217;obiettivo &#8211; spiegano i legali &#8211; \u00e8 quello di portare avanti una battaglia in sede giudiziaria per il riconoscimento dei diritti degli utenti e contro gli inadempimenti del gestore\u201d. I professionisti considerano contro legge anche il mancato rimborso delle fatture a fronte delle carenze del servizio. &#8220;La colpa \u00a0&#8211; sono certi &#8211; non \u00e8 solo della siccit\u00e0, ma anche dei mancati investimenti sulla rete&#8221;. E come dar loro torto se a Formia c&#8217;\u00e8 la pi\u00f9 vetusta e bucata rete di tubazioni della provincia di Latina?<\/p>\n<p>Non \u00e8 un caso, vista la situazione di grave emergenza, che i sindaci dell&#8217;Ato 4 abbiamo deciso di riunirsi proprio a Formia, il 20 giugno.<\/p>\n<p style=\"text-align: justify;\">&#8220;Ad oggi sono state gi\u00e0 raccolte numerose adesioni e chiediamo che gli interessati ci contattino o sulla pagina facebook &#8220;Class Action Acqualatina&#8221; o all&#8217;indirizzo mail: 2017acqua@gmail.com, entro il 30 giugno&#8221;.<br \/>\nC&#8217;\u00e8 anche un&#8217;iniziativa pubblica per la raccolta delle adesioni. &#8220;Ovviamente, sar\u00e0 gradito, chiunque altro voglia attivarsi apportando un proprio contributo&#8221;, dicono gli avvocati\u00a0Massimo Clemente,\u00a0Cristian Lombardi,\u00a0Patrizia Menanno,\u00a0Orazio Picano,\u00a0\u00a0Chiara Samperisi e\u00a0Annamara Zarrelli<\/p>\n","protected":false},"excerpt":{"rendered":"<p>LATINA &#8211;\u00a0Una class action contro Acqualatina per portare in Tribunale il caso, esasperante gi\u00e0 a giugno, \u00a0della carenza idrica nel sud pontino &#8220;fonte di gravissimi danni per i privati e per le attivit\u00e0 commerciali&#8221;. &#8220;Da una settimana \u00e8 difficile anche lavarsi i capelli&#8221;, assicurano alcuni utenti. L&#8217;azione collettiva \u00e8 promossa da un gruppo di avvocati [&hellip;]<\/p>\n","protected":false},"author":62,"featured_media":194000,"comment_status":"open","ping_status":"closed","sticky":false,"template":"","format":"standard","meta":{"footnotes":""},"categories":[7],"tags":[],"class_list":["post-194661","post","type-post","status-publish","format-standard","has-post-thumbnail","hentry","category-cronaca"],"_links":{"self":[{"href":"https:\/\/www.radioluna.it\/news\/wp-json\/wp\/v2\/posts\/194661","targetHints":{"allow":["GET"]}}],"collection":[{"href":"https:\/\/www.radioluna.it\/news\/wp-json\/wp\/v2\/posts"}],"about":[{"href":"https:\/\/www.radioluna.it\/news\/wp-json\/wp\/v2\/types\/post"}],"author":[{"embeddable":true,"href":"https:\/\/www.radioluna.it\/news\/wp-json\/wp\/v2\/users\/62"}],"replies":[{"embeddable":true,"href":"https:\/\/www.radioluna.it\/news\/wp-json\/wp\/v2\/comments?post=194661"}],"version-history":[{"count":0,"href":"https:\/\/www.radioluna.it\/news\/wp-json\/wp\/v2\/posts\/194661\/revisions"}],"wp:featuredmedia":[{"embeddable":true,"href":"https:\/\/www.radioluna.it\/news\/wp-json\/wp\/v2\/media\/194000"}],"wp:attachment":[{"href":"https:\/\/www.radioluna.it\/news\/wp-json\/wp\/v2\/media?parent=194661"}],"wp:term":[{"taxonomy":"category","embeddable":true,"href":"https:\/\/www.radioluna.it\/news\/wp-json\/wp\/v2\/categories?post=194661"},{"taxonomy":"post_tag","embeddable":true,"href":"https:\/\/www.radioluna.it\/news\/wp-json\/wp\/v2\/tags?post=194661"}],"curies":[{"name":"wp","href":"https:\/\/api.w.org\/{rel}","templated":true}]}}