{"id":194759,"date":"2017-06-17T07:31:44","date_gmt":"2017-06-17T05:31:44","guid":{"rendered":"http:\/\/www.radioluna.it\/news\/?p=194759"},"modified":"2017-06-17T07:31:44","modified_gmt":"2017-06-17T05:31:44","slug":"top-volley-a-latina-arriva-nicolas-le-goff","status":"publish","type":"post","link":"https:\/\/www.radioluna.it\/news\/2017\/06\/top-volley-a-latina-arriva-nicolas-le-goff\/","title":{"rendered":"Top Volley, a Latina arriva Nicolas Le Goff\u00a0"},"content":{"rendered":"<div id=\"fb-root\"><\/div>\n<div id=\"attachment_194760\" style=\"width: 699px\" class=\"wp-caption aligncenter\"><img loading=\"lazy\" decoding=\"async\" aria-describedby=\"caption-attachment-194760\" class=\"size-thumbnail wp-image-194760\" src=\"http:\/\/www.radioluna.it\/news\/wp-content\/uploads\/2017\/06\/NicolasLeGoff_2-689x460.jpg\" alt=\"\" width=\"689\" height=\"460\" srcset=\"https:\/\/www.radioluna.it\/news\/wp-content\/uploads\/2017\/06\/NicolasLeGoff_2-689x460.jpg 689w, https:\/\/www.radioluna.it\/news\/wp-content\/uploads\/2017\/06\/NicolasLeGoff_2-300x200.jpg 300w, https:\/\/www.radioluna.it\/news\/wp-content\/uploads\/2017\/06\/NicolasLeGoff_2-768x512.jpg 768w, https:\/\/www.radioluna.it\/news\/wp-content\/uploads\/2017\/06\/NicolasLeGoff_2-800x534.jpg 800w, https:\/\/www.radioluna.it\/news\/wp-content\/uploads\/2017\/06\/NicolasLeGoff_2.jpg 1000w\" sizes=\"auto, (max-width: 689px) 100vw, 689px\" \/><p id=\"caption-attachment-194760\" class=\"wp-caption-text\">Lo schiacciatore francese in azione<\/p><\/div>\n<p style=\"text-align: justify;\"><strong>LATINA<\/strong> \u2013 Nicolas Le Goff, campione d\u2019Europa e vincitore della World League nel 2015 con la nazionale Francese \u00e8 il nuovo centrale della Top Volley Latina. Il gigante parigino di 206 cm per 105 kg ha in bacheca anche un bronzo in World League (2016), una Coppa Cev (2015\/2016), uno scudetto tedesco e una coppa di Germania con il Berlino: arriva a Latina dall\u2019Istanbul BBSK.<\/p>\n<p style=\"text-align: justify;\">\u201cArriva a Latina un altro grande giocatore che si aggiunge a quelli che gi\u00e0 abbiamo in squadra, un messaggio importante perch\u00e9 vogliamo continuare a fare bene e migliorare la nostra Top Volley Latina \u2013 spiega Gigi Goldner, storico dirigente del sodalizio pontino \u2013 siamo consapevoli del valore di questo giocatore e dell\u2019importanza che questo trasferimento: la Top Volley ha sempre dimostrato di riuscire ad allestire squadre di alto livello e questo ne \u00e8 la conferma. In termini di visibilit\u00e0, inoltre, i giocatori della nostra squadra ci danno un grande valore aggiunto e questo per noi \u00e8 molto importante\u201d.<\/p>\n<p style=\"text-align: justify;\">Il centrale francese \u00e8 gi\u00e0 pronto per infiammare il pubblico della Superlega. \u201cHo scelto Latina e sono contento di questo, sono molto attratto dalla Superlega italiana e penso che la mia nuova squadra sia una buona scelta per la mia carriera in questo momento anche perch\u00e9 ho avuto indicazioni positive su questo club e anche osservando i giocatori che faranno parte della prossima stagione posso dire che possiamo fare qualcosa di molto buono \u2013 spiega Nicolas Le Goff, attualmente in ritiro con la Nazionale transalpina ad Anversa dove giocher\u00e0 la World League (tra l\u2019altro affrontando l\u2019Italia questo pomeriggio \u2013 venerd\u00ec \u2013 alle 17.10) \u2013 cercher\u00f2 di mettere tutta la mia qualit\u00e0 ed esperienza al servizio della squadra. Il mio obiettivo? Il campionato italiano \u00e8 di un livello molto alto e io continuer\u00f2 a lavorare per migliorare ancora augurandomi di poter fare una grande stagione con Latina\u201d.<\/p>\n<p style=\"text-align: justify;\">Soddisfatto anche il coach Vincenzo Di Pinto: \u201cSi aggiunge alla rosa un giocatore molto importante che ha gi\u00e0 dimostrato le sue qualit\u00e0 conquistando il posto da titolare con la Nazionale francese con la quale ha vinto molto \u2013 chiarisce il tecnico dei pontini \u2013 ha un buon temperamento e un ottimo atteggiamento verso la squadra, \u00e8 ben disposto al lavoro: molto forte in attacco e a muro, considerando anche la giovane et\u00e0, ha margini di miglioramento importanti\u201d. Intanto in questi giorni stanno arrivando importanti riscontri sulla visibilit\u00e0 della Top Volley Latina: le conferme e gli annunci di questo periodo hanno fatto schizzare i canali ufficiali social con migliaia di visualizzazioni e un audience in costante crescita.<\/p>\n<p style=\"text-align: justify;\">Per l&#8217;occasione \u00e8 stato anche lanciato il nuovo hashtag #TopVolley46 che celebra il 46esimo anno di storia ininterrotta del club pontino.<\/p>\n<div class=\"radio-posizionamento-telefono-in-articoli-dopo-il-contenuto-articolo radio-entity-placement\" id=\"radio-1058576912\"><div id=\"radio-1149726539\"><a href=\"https:\/\/grupporedi.it\/\" aria-label=\"Redi-Qr\"><img loading=\"lazy\" decoding=\"async\" src=\"https:\/\/www.radioluna.it\/news\/wp-content\/uploads\/2026\/03\/Redi-Qr.jpg\" alt=\"\"  srcset=\"https:\/\/www.radioluna.it\/news\/wp-content\/uploads\/2026\/03\/Redi-Qr.jpg 800w, https:\/\/www.radioluna.it\/news\/wp-content\/uploads\/2026\/03\/Redi-Qr-768x639.jpg 768w\" sizes=\"(max-width: 800px) 100vw, 800px\" width=\"300\" height=\"250\"   \/><\/a><\/div><\/div>","protected":false},"excerpt":{"rendered":"<p>LATINA \u2013 Nicolas Le Goff, campione d\u2019Europa e vincitore della World League nel 2015 con la nazionale Francese \u00e8 il nuovo centrale della Top Volley Latina. Il gigante parigino di 206 cm per 105 kg ha in bacheca anche un bronzo in World League (2016), una Coppa Cev (2015\/2016), uno scudetto tedesco e una coppa [&hellip;]<\/p>\n","protected":false},"author":5430,"featured_media":194760,"comment_status":"open","ping_status":"closed","sticky":false,"template":"","format":"standard","meta":{"footnotes":""},"categories":[17],"tags":[],"class_list":["post-194759","post","type-post","status-publish","format-standard","has-post-thumbnail","hentry","category-sport"],"_links":{"self":[{"href":"https:\/\/www.radioluna.it\/news\/wp-json\/wp\/v2\/posts\/194759","targetHints":{"allow":["GET"]}}],"collection":[{"href":"https:\/\/www.radioluna.it\/news\/wp-json\/wp\/v2\/posts"}],"about":[{"href":"https:\/\/www.radioluna.it\/news\/wp-json\/wp\/v2\/types\/post"}],"author":[{"embeddable":true,"href":"https:\/\/www.radioluna.it\/news\/wp-json\/wp\/v2\/users\/5430"}],"replies":[{"embeddable":true,"href":"https:\/\/www.radioluna.it\/news\/wp-json\/wp\/v2\/comments?post=194759"}],"version-history":[{"count":0,"href":"https:\/\/www.radioluna.it\/news\/wp-json\/wp\/v2\/posts\/194759\/revisions"}],"wp:featuredmedia":[{"embeddable":true,"href":"https:\/\/www.radioluna.it\/news\/wp-json\/wp\/v2\/media\/194760"}],"wp:attachment":[{"href":"https:\/\/www.radioluna.it\/news\/wp-json\/wp\/v2\/media?parent=194759"}],"wp:term":[{"taxonomy":"category","embeddable":true,"href":"https:\/\/www.radioluna.it\/news\/wp-json\/wp\/v2\/categories?post=194759"},{"taxonomy":"post_tag","embeddable":true,"href":"https:\/\/www.radioluna.it\/news\/wp-json\/wp\/v2\/tags?post=194759"}],"curies":[{"name":"wp","href":"https:\/\/api.w.org\/{rel}","templated":true}]}}