{"id":194830,"date":"2017-06-19T16:02:08","date_gmt":"2017-06-19T14:02:08","guid":{"rendered":"http:\/\/www.radioluna.it\/news\/?p=194830"},"modified":"2017-06-19T16:02:08","modified_gmt":"2017-06-19T14:02:08","slug":"carmelo-gitto-rinnova-con-la-top-volley-latina","status":"publish","type":"post","link":"https:\/\/www.radioluna.it\/news\/2017\/06\/carmelo-gitto-rinnova-con-la-top-volley-latina\/","title":{"rendered":"Carmelo Gitto rinnova con la Top Volley Latina"},"content":{"rendered":"<div id=\"fb-root\"><\/div>\n<p style=\"text-align: justify;\"><img loading=\"lazy\" decoding=\"async\" class=\"aligncenter size-thumbnail wp-image-194833\" src=\"http:\/\/www.radioluna.it\/news\/wp-content\/uploads\/2017\/06\/carmelo-Gitto-Latina-Milano-689x460.jpg\" alt=\"\" width=\"689\" height=\"460\" srcset=\"https:\/\/www.radioluna.it\/news\/wp-content\/uploads\/2017\/06\/carmelo-Gitto-Latina-Milano-689x460.jpg 689w, https:\/\/www.radioluna.it\/news\/wp-content\/uploads\/2017\/06\/carmelo-Gitto-Latina-Milano-300x200.jpg 300w, https:\/\/www.radioluna.it\/news\/wp-content\/uploads\/2017\/06\/carmelo-Gitto-Latina-Milano-768x512.jpg 768w, https:\/\/www.radioluna.it\/news\/wp-content\/uploads\/2017\/06\/carmelo-Gitto-Latina-Milano-800x534.jpg 800w, https:\/\/www.radioluna.it\/news\/wp-content\/uploads\/2017\/06\/carmelo-Gitto-Latina-Milano.jpg 1000w\" sizes=\"auto, (max-width: 689px) 100vw, 689px\" \/><strong>LATINA<\/strong> \u2013 Carmelo Gitto, 30 anni, centrale alto due metri di Barcellona Pozzo di Gotto nel messinese, si appresta a vivere la sua settima stagione in bianco blu dopo aver firmato un contratto che lo legher\u00e0 alla Top Volley fino al 2019.<\/p>\n<p style=\"text-align: justify;\">\u201cConosciamo le doti umane e tecniche di Carmelo Gitto e sappiamo che tipo di giocatore sia \u2013 spiega Candido Grande, direttore sportivo del sodalizio del capoluogo pontino \u2013 il nostro obiettivo \u00e8 quello di allestire una squadra competitiva, per questo abbiamo scelto tre centrali di valore assoluto che sapranno mettere in difficolt\u00e0 l\u2019allenatore e portare il gioco, anche durante la settimana, a un livello altissimo\u201d.<\/p>\n<p style=\"text-align: justify;\">\u201cSono molto felice di aver rinnovato per altre due stagioni e non vedo l\u2019ora di ricominciare \u2013 spiega Gitto, soprannominato Orgoglio di Trinacria in onore della sua terra d\u2019origine \u2013 la societ\u00e0 sta mettendo su una squadra competitiva che pu\u00f2 farci puntare in alto: sar\u00e0 il campo a dirci il nostro reale valore e mi aspetto anche che il pubblico possa continuare a sostenerci\u201d.<\/p>\n<p style=\"text-align: justify;\">Soddisfazione per il rinnovo del centrale siciliano arriva anche dalle parole del coach Vincenzo Di Pinto. \u201cCarmelo \u00e8 un giocatore molto valido in tutti i fondamentali ed \u00e8 sempre concreto nel suo rendimento, questo lo ha dimostrato nella passata stagione con Rossi: \u00e8 stata un\u2019ottima annata per loro \u2013 chiarisce il Mago di Turi \u2013 diciamo che con i centrali che abbiamo possiamo stare sicuri su questo reparto. Ci tengo anche a sottolineare il fatto che Carmelo Gitto ha fatto dell\u2019appartenenza alla Top Volley Latina una parte importante della sua carriera diventando, con il sacrificio, un giocatore importante di questa squadra\u201d.<\/p>\n<p>&nbsp;<\/p>\n<div class=\"radio-posizionamento-telefono-in-articoli-dopo-il-contenuto-articolo radio-entity-placement\" id=\"radio-4137210470\"><div id=\"radio-1125243142\" style=\"width: 300px;height: 250px;\"><a href=\"https:\/\/www.icarspa.it\/auto\/usate\/latina\/\" aria-label=\"banner aprile icar new life &#8211; auto usate latina\"><img loading=\"lazy\" decoding=\"async\" src=\"https:\/\/www.radioluna.it\/news\/wp-content\/uploads\/2026\/02\/banner-aprile-icar-new-life-auto-usate-latina.gif\" alt=\"\"  width=\"300\" height=\"250\"   \/><\/a><\/div><\/div>","protected":false},"excerpt":{"rendered":"<p>LATINA \u2013 Carmelo Gitto, 30 anni, centrale alto due metri di Barcellona Pozzo di Gotto nel messinese, si appresta a vivere la sua settima stagione in bianco blu dopo aver firmato un contratto che lo legher\u00e0 alla Top Volley fino al 2019. \u201cConosciamo le doti umane e tecniche di Carmelo Gitto e sappiamo che tipo [&hellip;]<\/p>\n","protected":false},"author":5430,"featured_media":194833,"comment_status":"open","ping_status":"closed","sticky":false,"template":"","format":"standard","meta":{"footnotes":""},"categories":[17],"tags":[],"class_list":["post-194830","post","type-post","status-publish","format-standard","has-post-thumbnail","hentry","category-sport"],"_links":{"self":[{"href":"https:\/\/www.radioluna.it\/news\/wp-json\/wp\/v2\/posts\/194830","targetHints":{"allow":["GET"]}}],"collection":[{"href":"https:\/\/www.radioluna.it\/news\/wp-json\/wp\/v2\/posts"}],"about":[{"href":"https:\/\/www.radioluna.it\/news\/wp-json\/wp\/v2\/types\/post"}],"author":[{"embeddable":true,"href":"https:\/\/www.radioluna.it\/news\/wp-json\/wp\/v2\/users\/5430"}],"replies":[{"embeddable":true,"href":"https:\/\/www.radioluna.it\/news\/wp-json\/wp\/v2\/comments?post=194830"}],"version-history":[{"count":0,"href":"https:\/\/www.radioluna.it\/news\/wp-json\/wp\/v2\/posts\/194830\/revisions"}],"wp:featuredmedia":[{"embeddable":true,"href":"https:\/\/www.radioluna.it\/news\/wp-json\/wp\/v2\/media\/194833"}],"wp:attachment":[{"href":"https:\/\/www.radioluna.it\/news\/wp-json\/wp\/v2\/media?parent=194830"}],"wp:term":[{"taxonomy":"category","embeddable":true,"href":"https:\/\/www.radioluna.it\/news\/wp-json\/wp\/v2\/categories?post=194830"},{"taxonomy":"post_tag","embeddable":true,"href":"https:\/\/www.radioluna.it\/news\/wp-json\/wp\/v2\/tags?post=194830"}],"curies":[{"name":"wp","href":"https:\/\/api.w.org\/{rel}","templated":true}]}}