{"id":194906,"date":"2017-06-21T13:34:27","date_gmt":"2017-06-21T11:34:27","guid":{"rendered":"http:\/\/www.radioluna.it\/news\/?p=194906"},"modified":"2017-06-22T06:17:06","modified_gmt":"2017-06-22T04:17:06","slug":"sistema-di-pompaggio-fuori-uso-ecco-perche-la-fontana-di-piazza-del-popolo-e-spenta","status":"publish","type":"post","link":"https:\/\/www.radioluna.it\/news\/2017\/06\/sistema-di-pompaggio-fuori-uso-ecco-perche-la-fontana-di-piazza-del-popolo-e-spenta\/","title":{"rendered":"Sistema di pompaggio fuori uso: ecco perch\u00e9 la fontana di Piazza del Popolo \u00e8 spenta"},"content":{"rendered":"<div id=\"fb-root\"><\/div>\n<p style=\"text-align: justify;\"><img loading=\"lazy\" decoding=\"async\" class=\"aligncenter size-thumbnail wp-image-194907\" src=\"http:\/\/www.radioluna.it\/news\/wp-content\/uploads\/2017\/06\/fontana-secca-689x517.jpg\" alt=\"\" width=\"689\" height=\"517\" srcset=\"https:\/\/www.radioluna.it\/news\/wp-content\/uploads\/2017\/06\/fontana-secca-689x517.jpg 689w, https:\/\/www.radioluna.it\/news\/wp-content\/uploads\/2017\/06\/fontana-secca-300x225.jpg 300w, https:\/\/www.radioluna.it\/news\/wp-content\/uploads\/2017\/06\/fontana-secca-768x576.jpg 768w, https:\/\/www.radioluna.it\/news\/wp-content\/uploads\/2017\/06\/fontana-secca-800x600.jpg 800w, https:\/\/www.radioluna.it\/news\/wp-content\/uploads\/2017\/06\/fontana-secca.jpg 960w\" sizes=\"auto, (max-width: 689px) 100vw, 689px\" \/><strong>LATINA<\/strong> &#8211; Perch\u00e9 la fontana di Piazza del Popolo \u00e8 senz&#8217;acqua, spenta e triste? La risposta \u00e8 arrivata in queste ore sul tavolo del sindaco Damiano Coletta: il sistema di pompaggio dell&#8217;acqua non funziona e per riattivare il sistema della vasca con la palla, che si trova proprio sotto il palazzo comunale, servono poco meno di 10 mila euro. La situazione \u00e8 la seguente: una pompa \u00e8 bruciata, il quadro elettrico ha subito manomissioni ed \u00e8 inservibile, \u00e8 necessario sostituire 4 fari, poi c&#8217;\u00e8 la pulizia complessiva e la manodopera. L&#8217;intenzione \u00e8 quella di procedere con i lavori, ma prima bisogner\u00e0 trovare i soldi.<\/p>\n<p style=\"text-align: justify;\">Saremo poi capaci di tenerla in buono stato? La domanda sorge spontanea se ogni occasione \u00e8 buona per utilizzarla come cestino per i rifiuti.<\/p>\n<div class=\"radio-posizionamento-telefono-in-articoli-dopo-il-contenuto-articolo radio-entity-placement\" id=\"radio-2147334067\"><div id=\"radio-2667991268\" style=\"width: 300px;height: 250px;\"><a href=\"https:\/\/www.icarspa.it\/auto\/usate\/latina\/\" aria-label=\"banner aprile icar new life &#8211; auto usate latina\"><img loading=\"lazy\" decoding=\"async\" src=\"https:\/\/www.radioluna.it\/news\/wp-content\/uploads\/2026\/02\/banner-aprile-icar-new-life-auto-usate-latina.gif\" alt=\"\"  width=\"300\" height=\"250\"   \/><\/a><\/div><\/div>","protected":false},"excerpt":{"rendered":"<p>LATINA &#8211; Perch\u00e9 la fontana di Piazza del Popolo \u00e8 senz&#8217;acqua, spenta e triste? La risposta \u00e8 arrivata in queste ore sul tavolo del sindaco Damiano Coletta: il sistema di pompaggio dell&#8217;acqua non funziona e per riattivare il sistema della vasca con la palla, che si trova proprio sotto il palazzo comunale, servono poco meno [&hellip;]<\/p>\n","protected":false},"author":62,"featured_media":194907,"comment_status":"open","ping_status":"closed","sticky":false,"template":"","format":"standard","meta":{"footnotes":""},"categories":[735],"tags":[],"class_list":["post-194906","post","type-post","status-publish","format-standard","has-post-thumbnail","hentry","category-attualita"],"_links":{"self":[{"href":"https:\/\/www.radioluna.it\/news\/wp-json\/wp\/v2\/posts\/194906","targetHints":{"allow":["GET"]}}],"collection":[{"href":"https:\/\/www.radioluna.it\/news\/wp-json\/wp\/v2\/posts"}],"about":[{"href":"https:\/\/www.radioluna.it\/news\/wp-json\/wp\/v2\/types\/post"}],"author":[{"embeddable":true,"href":"https:\/\/www.radioluna.it\/news\/wp-json\/wp\/v2\/users\/62"}],"replies":[{"embeddable":true,"href":"https:\/\/www.radioluna.it\/news\/wp-json\/wp\/v2\/comments?post=194906"}],"version-history":[{"count":0,"href":"https:\/\/www.radioluna.it\/news\/wp-json\/wp\/v2\/posts\/194906\/revisions"}],"wp:featuredmedia":[{"embeddable":true,"href":"https:\/\/www.radioluna.it\/news\/wp-json\/wp\/v2\/media\/194907"}],"wp:attachment":[{"href":"https:\/\/www.radioluna.it\/news\/wp-json\/wp\/v2\/media?parent=194906"}],"wp:term":[{"taxonomy":"category","embeddable":true,"href":"https:\/\/www.radioluna.it\/news\/wp-json\/wp\/v2\/categories?post=194906"},{"taxonomy":"post_tag","embeddable":true,"href":"https:\/\/www.radioluna.it\/news\/wp-json\/wp\/v2\/tags?post=194906"}],"curies":[{"name":"wp","href":"https:\/\/api.w.org\/{rel}","templated":true}]}}