{"id":194908,"date":"2017-06-21T13:54:37","date_gmt":"2017-06-21T11:54:37","guid":{"rendered":"http:\/\/www.radioluna.it\/news\/?p=194908"},"modified":"2017-06-21T13:54:37","modified_gmt":"2017-06-21T11:54:37","slug":"latina-pride-tiziano-ferro-sara-collegato-da-bologna","status":"publish","type":"post","link":"https:\/\/www.radioluna.it\/news\/2017\/06\/latina-pride-tiziano-ferro-sara-collegato-da-bologna\/","title":{"rendered":"Latina Pride,  Tiziano Ferro sar\u00e0 collegato da Bologna"},"content":{"rendered":"<div id=\"fb-root\"><\/div>\n<p style=\"text-align: justify;\"><strong><img loading=\"lazy\" decoding=\"async\" class=\"aligncenter size-thumbnail wp-image-194910\" src=\"http:\/\/www.radioluna.it\/news\/wp-content\/uploads\/2017\/06\/Ferro-689x459.jpg\" alt=\"\" width=\"689\" height=\"459\" srcset=\"https:\/\/www.radioluna.it\/news\/wp-content\/uploads\/2017\/06\/Ferro-689x459.jpg 689w, https:\/\/www.radioluna.it\/news\/wp-content\/uploads\/2017\/06\/Ferro-300x200.jpg 300w, https:\/\/www.radioluna.it\/news\/wp-content\/uploads\/2017\/06\/Ferro-768x511.jpg 768w, https:\/\/www.radioluna.it\/news\/wp-content\/uploads\/2017\/06\/Ferro-800x533.jpg 800w, https:\/\/www.radioluna.it\/news\/wp-content\/uploads\/2017\/06\/Ferro.jpg 1000w\" sizes=\"auto, (max-width: 689px) 100vw, 689px\" \/>LATINA<\/strong> &#8211; Tiziano Ferro non sar\u00e0 presente nemmeno quest&#8217;anno al Lazio Pride di Latina. Il cantautore impegnato nel tour Il Mestiere della Vita, sar\u00e0 per\u00f2 in diretta video da Bologna, una delle tappe dei suoi live a base di emozioni. Il collegamento \u00e8 previsto prima dell&#8217;inizio del concerto, intorno alle 19.45 del 24 giugno, da Viale Italia dove la manifestazione contro le discriminazioni per gay, lesbiche, bisex e transgender prender\u00e0 il via a partire dalle 17.<\/p>\n<p style=\"text-align: justify;\">Il programma prevede le \u00a0esibizioni di Roberto Casalino, Giordana Angi, Absolut, Chiazzetta, Canusia, Skuba Libre. Ci saranno anche: Eric ( influencer Instagram), Gender Parisi, Lecoseimportanti, Lemore e Parruccoro.<\/p>\n<p>&nbsp;<\/p>\n<div class=\"radio-posizionamento-telefono-in-articoli-dopo-il-contenuto-articolo radio-entity-placement\" id=\"radio-1288787522\"><div id=\"radio-3619910135\"><a href=\"https:\/\/grupporedi.it\/\" aria-label=\"Redi-Qr\"><img loading=\"lazy\" decoding=\"async\" src=\"https:\/\/www.radioluna.it\/news\/wp-content\/uploads\/2026\/03\/Redi-Qr.jpg\" alt=\"\"  srcset=\"https:\/\/www.radioluna.it\/news\/wp-content\/uploads\/2026\/03\/Redi-Qr.jpg 800w, https:\/\/www.radioluna.it\/news\/wp-content\/uploads\/2026\/03\/Redi-Qr-768x639.jpg 768w\" sizes=\"(max-width: 800px) 100vw, 800px\" width=\"300\" height=\"250\"   \/><\/a><\/div><\/div>","protected":false},"excerpt":{"rendered":"<p>LATINA &#8211; Tiziano Ferro non sar\u00e0 presente nemmeno quest&#8217;anno al Lazio Pride di Latina. Il cantautore impegnato nel tour Il Mestiere della Vita, sar\u00e0 per\u00f2 in diretta video da Bologna, una delle tappe dei suoi live a base di emozioni. Il collegamento \u00e8 previsto prima dell&#8217;inizio del concerto, intorno alle 19.45 del 24 giugno, da [&hellip;]<\/p>\n","protected":false},"author":62,"featured_media":194910,"comment_status":"open","ping_status":"closed","sticky":false,"template":"","format":"standard","meta":{"footnotes":""},"categories":[16],"tags":[],"class_list":["post-194908","post","type-post","status-publish","format-standard","has-post-thumbnail","hentry","category-appuntamenti"],"_links":{"self":[{"href":"https:\/\/www.radioluna.it\/news\/wp-json\/wp\/v2\/posts\/194908","targetHints":{"allow":["GET"]}}],"collection":[{"href":"https:\/\/www.radioluna.it\/news\/wp-json\/wp\/v2\/posts"}],"about":[{"href":"https:\/\/www.radioluna.it\/news\/wp-json\/wp\/v2\/types\/post"}],"author":[{"embeddable":true,"href":"https:\/\/www.radioluna.it\/news\/wp-json\/wp\/v2\/users\/62"}],"replies":[{"embeddable":true,"href":"https:\/\/www.radioluna.it\/news\/wp-json\/wp\/v2\/comments?post=194908"}],"version-history":[{"count":0,"href":"https:\/\/www.radioluna.it\/news\/wp-json\/wp\/v2\/posts\/194908\/revisions"}],"wp:featuredmedia":[{"embeddable":true,"href":"https:\/\/www.radioluna.it\/news\/wp-json\/wp\/v2\/media\/194910"}],"wp:attachment":[{"href":"https:\/\/www.radioluna.it\/news\/wp-json\/wp\/v2\/media?parent=194908"}],"wp:term":[{"taxonomy":"category","embeddable":true,"href":"https:\/\/www.radioluna.it\/news\/wp-json\/wp\/v2\/categories?post=194908"},{"taxonomy":"post_tag","embeddable":true,"href":"https:\/\/www.radioluna.it\/news\/wp-json\/wp\/v2\/tags?post=194908"}],"curies":[{"name":"wp","href":"https:\/\/api.w.org\/{rel}","templated":true}]}}