{"id":194942,"date":"2017-06-22T09:17:33","date_gmt":"2017-06-22T07:17:33","guid":{"rendered":"http:\/\/www.radioluna.it\/news\/?p=194942"},"modified":"2017-06-22T09:17:33","modified_gmt":"2017-06-22T07:17:33","slug":"crisi-idrica-besson-contro-tutti-dimissioni-non-alimentare-inutili-polemiche","status":"publish","type":"post","link":"https:\/\/www.radioluna.it\/news\/2017\/06\/crisi-idrica-besson-contro-tutti-dimissioni-non-alimentare-inutili-polemiche\/","title":{"rendered":"Crisi idrica, Besson contro tutti: &#8220;Dimissioni? Non alimentare inutili polemiche&#8221;"},"content":{"rendered":"<div id=\"fb-root\"><\/div>\n<p style=\"text-align: justify;\"><strong><img loading=\"lazy\" decoding=\"async\" class=\"aligncenter size-thumbnail wp-image-193999\" src=\"http:\/\/www.radioluna.it\/news\/wp-content\/uploads\/2017\/05\/besson-689x458.jpg\" alt=\"\" width=\"689\" height=\"458\" srcset=\"https:\/\/www.radioluna.it\/news\/wp-content\/uploads\/2017\/05\/besson-689x458.jpg 689w, https:\/\/www.radioluna.it\/news\/wp-content\/uploads\/2017\/05\/besson-300x200.jpg 300w, https:\/\/www.radioluna.it\/news\/wp-content\/uploads\/2017\/05\/besson-768x511.jpg 768w, https:\/\/www.radioluna.it\/news\/wp-content\/uploads\/2017\/05\/besson.jpg 800w\" sizes=\"auto, (max-width: 689px) 100vw, 689px\" \/>LATINA<\/strong> &#8211;\u00a0Guerra fredda tra la conferenza dei sindaci dell&#8217;Ato 4 e l&#8217;amministratore delegato di Acqualatina, Raimondo Besson, dopo la richiesta di dimissioni giunta da alcuni primi cittadini e dalla presidente della Provincia Eleonora Della Penna, il manager non ci pensa nemmeno lontanamente a lasciare e anzi respinge le accuse.<\/p>\n<p style=\"text-align: justify;\">\u00abIn questa fase di emergenza, finalmente riconosciuta come tale da tutti, non \u00e8 il caso di alimentare inutili polemiche&gt;, dice Besson, finito sotto il fuoco incrociato perch\u00e9 pur avendo annunciato un piano straordinario contro la carenza idrica di fatto si \u00e8 visto esplodere tra le mani una situazione ancora pi\u00f9 grave rispetto a quella degli scorsi anni.<\/p>\n<p style=\"text-align: justify;\">&#8220;Siamo impegnati su tutti i fronti \u2013 afferma il vertice della Spa che gestisce il servizio idrico- il Pozzo V\u00f2laga entrato in funzione per dare un contributo ai Comuni dei Lepini, il campo Pozzi nella zona &#8220;25 ponti&#8221; di Formia, per il quale siamo in attesa dell\u2019autorizzazione da parte della Provincia, il potenziamento delle fonti di produzione, e di Capodacqua in particolare, il recupero delle perdite fisiche, la task force permanente con i Sindaci&#8221;. Ma i sindaci ora chiedono fatti e non pi\u00f9 piani.<\/p>\n<p style=\"text-align: justify;\">\n","protected":false},"excerpt":{"rendered":"<p>LATINA &#8211;\u00a0Guerra fredda tra la conferenza dei sindaci dell&#8217;Ato 4 e l&#8217;amministratore delegato di Acqualatina, Raimondo Besson, dopo la richiesta di dimissioni giunta da alcuni primi cittadini e dalla presidente della Provincia Eleonora Della Penna, il manager non ci pensa nemmeno lontanamente a lasciare e anzi respinge le accuse. \u00abIn questa fase di emergenza, finalmente [&hellip;]<\/p>\n","protected":false},"author":62,"featured_media":193999,"comment_status":"open","ping_status":"closed","sticky":false,"template":"","format":"standard","meta":{"footnotes":""},"categories":[7],"tags":[],"class_list":["post-194942","post","type-post","status-publish","format-standard","has-post-thumbnail","hentry","category-cronaca"],"_links":{"self":[{"href":"https:\/\/www.radioluna.it\/news\/wp-json\/wp\/v2\/posts\/194942","targetHints":{"allow":["GET"]}}],"collection":[{"href":"https:\/\/www.radioluna.it\/news\/wp-json\/wp\/v2\/posts"}],"about":[{"href":"https:\/\/www.radioluna.it\/news\/wp-json\/wp\/v2\/types\/post"}],"author":[{"embeddable":true,"href":"https:\/\/www.radioluna.it\/news\/wp-json\/wp\/v2\/users\/62"}],"replies":[{"embeddable":true,"href":"https:\/\/www.radioluna.it\/news\/wp-json\/wp\/v2\/comments?post=194942"}],"version-history":[{"count":0,"href":"https:\/\/www.radioluna.it\/news\/wp-json\/wp\/v2\/posts\/194942\/revisions"}],"wp:featuredmedia":[{"embeddable":true,"href":"https:\/\/www.radioluna.it\/news\/wp-json\/wp\/v2\/media\/193999"}],"wp:attachment":[{"href":"https:\/\/www.radioluna.it\/news\/wp-json\/wp\/v2\/media?parent=194942"}],"wp:term":[{"taxonomy":"category","embeddable":true,"href":"https:\/\/www.radioluna.it\/news\/wp-json\/wp\/v2\/categories?post=194942"},{"taxonomy":"post_tag","embeddable":true,"href":"https:\/\/www.radioluna.it\/news\/wp-json\/wp\/v2\/tags?post=194942"}],"curies":[{"name":"wp","href":"https:\/\/api.w.org\/{rel}","templated":true}]}}