{"id":194999,"date":"2017-06-23T12:27:19","date_gmt":"2017-06-23T10:27:19","guid":{"rendered":"http:\/\/www.radioluna.it\/news\/?p=194999"},"modified":"2017-06-23T12:27:19","modified_gmt":"2017-06-23T10:27:19","slug":"decine-di-incendi-in-poche-ore-e-con-la-siccita-il-rischio-sale","status":"publish","type":"post","link":"https:\/\/www.radioluna.it\/news\/2017\/06\/decine-di-incendi-in-poche-ore-e-con-la-siccita-il-rischio-sale\/","title":{"rendered":"Decine di incendi in poche ore e con la siccit\u00e0 il rischio sale"},"content":{"rendered":"<div id=\"fb-root\"><\/div>\n<p style=\"text-align: justify;\"><strong><img loading=\"lazy\" decoding=\"async\" class=\"aligncenter size-thumbnail wp-image-155586\" src=\"http:\/\/www.radioluna.it\/news\/wp-content\/uploads\/2014\/09\/Incendio-Zona-Gian-Filippo-Migliara-50-635x476.jpg\" alt=\"\" width=\"635\" height=\"476\" srcset=\"https:\/\/www.radioluna.it\/news\/wp-content\/uploads\/2014\/09\/Incendio-Zona-Gian-Filippo-Migliara-50-635x476.jpg 635w, https:\/\/www.radioluna.it\/news\/wp-content\/uploads\/2014\/09\/Incendio-Zona-Gian-Filippo-Migliara-50-768x576.jpg 768w, https:\/\/www.radioluna.it\/news\/wp-content\/uploads\/2014\/09\/Incendio-Zona-Gian-Filippo-Migliara-50-500x375.jpg 500w, https:\/\/www.radioluna.it\/news\/wp-content\/uploads\/2014\/09\/Incendio-Zona-Gian-Filippo-Migliara-50-300x225.jpg 300w, https:\/\/www.radioluna.it\/news\/wp-content\/uploads\/2014\/09\/Incendio-Zona-Gian-Filippo-Migliara-50-1024x768.jpg 1024w, https:\/\/www.radioluna.it\/news\/wp-content\/uploads\/2014\/09\/Incendio-Zona-Gian-Filippo-Migliara-50-800x600.jpg 800w, https:\/\/www.radioluna.it\/news\/wp-content\/uploads\/2014\/09\/Incendio-Zona-Gian-Filippo-Migliara-50.jpg 1200w\" sizes=\"auto, (max-width: 635px) 100vw, 635px\" \/>LATINA &#8211;<\/strong> Tredici incendi su tutto i territorio della provincia di Latina, da Aprilia a Castelforte, sono quelli divampati solo nella notte. Dieci sono stati fronteggiati nella giornata di ieri e in totale in tutto il Lazio sono stati 57. Sono i numeri forniti da vigili del fuoco del Comando Provinciale di Latina e protezione civile regionale intervenuti nelle diverse emergenze. La maggior parte degli interventi ha riguardato incendi di sterpaglie e di macchia mediterranea, come accaduto a Gaeta.<\/p>\n<p style=\"text-align: justify;\">Cresce con l&#8217;aumentare delle temperature la preoccupazione e con la siccit\u00e0 i rischi aumentano. Secondo il Wwf Lazio \u00e8 un preciso segnale della cosiddetta grande accelerazione del clima &#8220;Quella climatica \u00e8 sicuramente tra le sfide principali dei prossimi cinquanta anni e occorre iniziare subito \u2013 dicono gli esperti &#8211; Ma in Italia sono solo poche decine le amministrazioni concretamente impegnate nell\u2019adattamento climatico, e nel Lazio nessuno si muove&#8221;. Occorre invece che le Amministrazioni agiscano.<\/p>\n<div class=\"radio-posizionamento-telefono-in-articoli-dopo-il-contenuto-articolo radio-entity-placement\" id=\"radio-3089949778\"><div id=\"radio-1711359443\"><a href=\"https:\/\/www.simeoneceramiche.com\/\" aria-label=\"SIMEONE CERAMICHE GIF animata per radioluna_Tavola disegno 1 copia 2 (online-video-cutter.com)\"><img loading=\"lazy\" decoding=\"async\" src=\"https:\/\/www.radioluna.it\/news\/wp-content\/uploads\/2025\/05\/SIMEONE-CERAMICHE-GIF-animata-per-radioluna_Tavola-disegno-1-copia-2-online-video-cutter.com_.gif\" alt=\"\"  width=\"300\" height=\"250\"   \/><\/a><\/div><\/div>","protected":false},"excerpt":{"rendered":"<p>LATINA &#8211; Tredici incendi su tutto i territorio della provincia di Latina, da Aprilia a Castelforte, sono quelli divampati solo nella notte. Dieci sono stati fronteggiati nella giornata di ieri e in totale in tutto il Lazio sono stati 57. Sono i numeri forniti da vigili del fuoco del Comando Provinciale di Latina e protezione [&hellip;]<\/p>\n","protected":false},"author":62,"featured_media":155586,"comment_status":"open","ping_status":"closed","sticky":false,"template":"","format":"standard","meta":{"footnotes":""},"categories":[7],"tags":[],"class_list":["post-194999","post","type-post","status-publish","format-standard","has-post-thumbnail","hentry","category-cronaca"],"_links":{"self":[{"href":"https:\/\/www.radioluna.it\/news\/wp-json\/wp\/v2\/posts\/194999","targetHints":{"allow":["GET"]}}],"collection":[{"href":"https:\/\/www.radioluna.it\/news\/wp-json\/wp\/v2\/posts"}],"about":[{"href":"https:\/\/www.radioluna.it\/news\/wp-json\/wp\/v2\/types\/post"}],"author":[{"embeddable":true,"href":"https:\/\/www.radioluna.it\/news\/wp-json\/wp\/v2\/users\/62"}],"replies":[{"embeddable":true,"href":"https:\/\/www.radioluna.it\/news\/wp-json\/wp\/v2\/comments?post=194999"}],"version-history":[{"count":0,"href":"https:\/\/www.radioluna.it\/news\/wp-json\/wp\/v2\/posts\/194999\/revisions"}],"wp:featuredmedia":[{"embeddable":true,"href":"https:\/\/www.radioluna.it\/news\/wp-json\/wp\/v2\/media\/155586"}],"wp:attachment":[{"href":"https:\/\/www.radioluna.it\/news\/wp-json\/wp\/v2\/media?parent=194999"}],"wp:term":[{"taxonomy":"category","embeddable":true,"href":"https:\/\/www.radioluna.it\/news\/wp-json\/wp\/v2\/categories?post=194999"},{"taxonomy":"post_tag","embeddable":true,"href":"https:\/\/www.radioluna.it\/news\/wp-json\/wp\/v2\/tags?post=194999"}],"curies":[{"name":"wp","href":"https:\/\/api.w.org\/{rel}","templated":true}]}}