{"id":195011,"date":"2017-06-23T17:27:44","date_gmt":"2017-06-23T15:27:44","guid":{"rendered":"http:\/\/www.radioluna.it\/news\/?p=195011"},"modified":"2017-06-24T09:12:36","modified_gmt":"2017-06-24T07:12:36","slug":"siccita-nel-lazio-reti-idriche-colabrodo-e-consumi-di-acqua-altissimi-lo-dice-il-report-di-legambiente","status":"publish","type":"post","link":"https:\/\/www.radioluna.it\/news\/2017\/06\/siccita-nel-lazio-reti-idriche-colabrodo-e-consumi-di-acqua-altissimi-lo-dice-il-report-di-legambiente\/","title":{"rendered":"Siccit\u00e0, nel Lazio reti idriche colabrodo e consumi di acqua altissimi. Lo dice il report di Legambiente"},"content":{"rendered":"<div id=\"fb-root\"><\/div>\n<p style=\"text-align: justify;\"><strong><img loading=\"lazy\" decoding=\"async\" class=\"aligncenter size-full wp-image-195027\" src=\"http:\/\/www.radioluna.it\/news\/wp-content\/uploads\/2017\/06\/perdite_idriche_ricerca.jpg\" alt=\"\" width=\"540\" height=\"368\" srcset=\"https:\/\/www.radioluna.it\/news\/wp-content\/uploads\/2017\/06\/perdite_idriche_ricerca.jpg 540w, https:\/\/www.radioluna.it\/news\/wp-content\/uploads\/2017\/06\/perdite_idriche_ricerca-300x204.jpg 300w\" sizes=\"auto, (max-width: 540px) 100vw, 540px\" \/>LATINA &#8211;<\/strong> Mentre continua il periodo di siccit\u00e0, si stanno mano mano svuotando sorgenti, fiumi e laghi.\u00a0Oggi Legambiente torna a ribadire i numeri di Ecosistema Urbano, quelli della dispersione idrica in provincia di Roma al 44,4%, Rieti al 58%, Latina al 67%, Frosinone al 75,4%. Anche il consumo idrico nella capitale \u00e8 alle stelle con 165 litri al giorno per abitante, Roma solo 77\u00b0 tra i capoluoghi per consumo di acqua, Frosinone al 12\u00b0 posto con 125 (l\/ab\/gg), Latina al 22\u00b0 con 143 (l\/ab\/gg), Rieti al 66\u00b0 con 152 (l\/ab\/gg).<\/p>\n<p style=\"text-align: justify;\">&#8220;A causa dei Cambiamenti climatici che abbiamo scatenato con le emissioni di gas serra, siamo negli ultimi mesi in una fase di estrema crisi idrica &#8211; commenta Roberto Scacchi presidente di Legambiente Lazio &#8211; per la scarsa piovosit\u00e0. I dati sulla dispersione idrica e sui consumi, ci mostrano per\u00f2 uno spreco enorme di acqua nelle reti colabrodo, a causa del consumo eccessivo e dello spreco. Purtroppo ci troveremo sempre di pi\u00f9, e in maniera pi\u00f9 violenta, di fronte a situazioni di questo genere; oltre quindi a realizzare politiche di sostenibilit\u00e0 ambientale per l&#8217;abbattimento delle emissioni, le scelte di adattamento a tale fenomeno globale devono riguardare la cura e il rilancio dei parchi come polmoni verdi, ma anche delle sorgenti, dei fiumi, dei laghi, perch\u00e9 l&#8217;acqua \u00e8 prima di tutto un bene prezioso&#8221;.<\/p>\n<div class=\"radio-posizionamento-telefono-in-articoli-dopo-il-contenuto-articolo radio-entity-placement\" id=\"radio-3061798542\"><div id=\"radio-3282809182\" style=\"width: 300px;height: 250px;\"><a href=\"https:\/\/www.icarspa.it\/auto\/usate\/latina\/\" aria-label=\"banner aprile icar new life &#8211; auto usate latina\"><img loading=\"lazy\" decoding=\"async\" src=\"https:\/\/www.radioluna.it\/news\/wp-content\/uploads\/2026\/02\/banner-aprile-icar-new-life-auto-usate-latina.gif\" alt=\"\"  width=\"300\" height=\"250\"   \/><\/a><\/div><\/div>","protected":false},"excerpt":{"rendered":"<p>LATINA &#8211; Mentre continua il periodo di siccit\u00e0, si stanno mano mano svuotando sorgenti, fiumi e laghi.\u00a0Oggi Legambiente torna a ribadire i numeri di Ecosistema Urbano, quelli della dispersione idrica in provincia di Roma al 44,4%, Rieti al 58%, Latina al 67%, Frosinone al 75,4%. Anche il consumo idrico nella capitale \u00e8 alle stelle con [&hellip;]<\/p>\n","protected":false},"author":60,"featured_media":195027,"comment_status":"open","ping_status":"closed","sticky":false,"template":"","format":"standard","meta":{"footnotes":""},"categories":[12],"tags":[],"class_list":["post-195011","post","type-post","status-publish","format-standard","has-post-thumbnail","hentry","category-ambiente"],"_links":{"self":[{"href":"https:\/\/www.radioluna.it\/news\/wp-json\/wp\/v2\/posts\/195011","targetHints":{"allow":["GET"]}}],"collection":[{"href":"https:\/\/www.radioluna.it\/news\/wp-json\/wp\/v2\/posts"}],"about":[{"href":"https:\/\/www.radioluna.it\/news\/wp-json\/wp\/v2\/types\/post"}],"author":[{"embeddable":true,"href":"https:\/\/www.radioluna.it\/news\/wp-json\/wp\/v2\/users\/60"}],"replies":[{"embeddable":true,"href":"https:\/\/www.radioluna.it\/news\/wp-json\/wp\/v2\/comments?post=195011"}],"version-history":[{"count":0,"href":"https:\/\/www.radioluna.it\/news\/wp-json\/wp\/v2\/posts\/195011\/revisions"}],"wp:featuredmedia":[{"embeddable":true,"href":"https:\/\/www.radioluna.it\/news\/wp-json\/wp\/v2\/media\/195027"}],"wp:attachment":[{"href":"https:\/\/www.radioluna.it\/news\/wp-json\/wp\/v2\/media?parent=195011"}],"wp:term":[{"taxonomy":"category","embeddable":true,"href":"https:\/\/www.radioluna.it\/news\/wp-json\/wp\/v2\/categories?post=195011"},{"taxonomy":"post_tag","embeddable":true,"href":"https:\/\/www.radioluna.it\/news\/wp-json\/wp\/v2\/tags?post=195011"}],"curies":[{"name":"wp","href":"https:\/\/api.w.org\/{rel}","templated":true}]}}