{"id":195031,"date":"2017-06-24T09:53:38","date_gmt":"2017-06-24T07:53:38","guid":{"rendered":"http:\/\/www.radioluna.it\/news\/?p=195031"},"modified":"2017-06-24T14:10:47","modified_gmt":"2017-06-24T12:10:47","slug":"tragedia-in-via-fratelli-bandiera-uomo-cade-dal-sesto-piano-e-muore","status":"publish","type":"post","link":"https:\/\/www.radioluna.it\/news\/2017\/06\/tragedia-in-via-fratelli-bandiera-uomo-cade-dal-sesto-piano-e-muore\/","title":{"rendered":"Tragedia in Via Fratelli Bandiera, uomo cade dal settimo piano e muore"},"content":{"rendered":"<div id=\"fb-root\"><\/div>\n<p style=\"text-align: justify;\"><img loading=\"lazy\" decoding=\"async\" class=\"aligncenter size-thumbnail wp-image-195032\" src=\"http:\/\/www.radioluna.it\/news\/wp-content\/uploads\/2017\/06\/ambulanze-689x517.jpg\" alt=\"\" width=\"689\" height=\"517\" srcset=\"https:\/\/www.radioluna.it\/news\/wp-content\/uploads\/2017\/06\/ambulanze-689x517.jpg 689w, https:\/\/www.radioluna.it\/news\/wp-content\/uploads\/2017\/06\/ambulanze-300x225.jpg 300w, https:\/\/www.radioluna.it\/news\/wp-content\/uploads\/2017\/06\/ambulanze-768x576.jpg 768w, https:\/\/www.radioluna.it\/news\/wp-content\/uploads\/2017\/06\/ambulanze-800x600.jpg 800w, https:\/\/www.radioluna.it\/news\/wp-content\/uploads\/2017\/06\/ambulanze.jpg 1000w\" sizes=\"auto, (max-width: 689px) 100vw, 689px\" \/><strong>LATINA<\/strong> &#8211;\u00a0Un uomo \u00e8 precipitato dal settimo piano di un palazzo in via Fratelli Bandiera a Latina. Il corpo senza vita \u00e8 rimasto sull&#8217;asfalto sotto gli occhi attoniti di alcuni passanti e dei titolari delle attivit\u00e0 della zona che hanno dato subito l&#8217;allarme. La polizia intervenuta con il 118 sta svolgendo le indagini sull&#8217;accaduto. Da una prima ricostruzione, intorno alle 9, l&#8217; anziano, un 78enne che soffriva di alcuni disturbi legati all&#8217;et\u00e0, \u00e8 uscito sul balcone e si \u00e8 gettato nel vuoto cadendo a pochi centimetri da un&#8217;auto parcheggiata, nei pressi dell&#8217;ingresso del supermercato della zona.<\/p>\n<div class=\"radio-posizionamento-telefono-in-articoli-dopo-il-contenuto-articolo radio-entity-placement\" id=\"radio-1246118420\"><div id=\"radio-4248645976\" style=\"width: 300px;height: 250px;\"><a href=\"https:\/\/www.icarspa.it\/auto\/usate\/latina\/\" aria-label=\"banner aprile icar new life &#8211; auto usate latina\"><img loading=\"lazy\" decoding=\"async\" src=\"https:\/\/www.radioluna.it\/news\/wp-content\/uploads\/2026\/02\/banner-aprile-icar-new-life-auto-usate-latina.gif\" alt=\"\"  width=\"300\" height=\"250\"   \/><\/a><\/div><\/div>","protected":false},"excerpt":{"rendered":"<p>LATINA &#8211;\u00a0Un uomo \u00e8 precipitato dal settimo piano di un palazzo in via Fratelli Bandiera a Latina. Il corpo senza vita \u00e8 rimasto sull&#8217;asfalto sotto gli occhi attoniti di alcuni passanti e dei titolari delle attivit\u00e0 della zona che hanno dato subito l&#8217;allarme. La polizia intervenuta con il 118 sta svolgendo le indagini sull&#8217;accaduto. Da [&hellip;]<\/p>\n","protected":false},"author":62,"featured_media":195032,"comment_status":"open","ping_status":"closed","sticky":false,"template":"","format":"standard","meta":{"footnotes":""},"categories":[7],"tags":[],"class_list":["post-195031","post","type-post","status-publish","format-standard","has-post-thumbnail","hentry","category-cronaca"],"_links":{"self":[{"href":"https:\/\/www.radioluna.it\/news\/wp-json\/wp\/v2\/posts\/195031","targetHints":{"allow":["GET"]}}],"collection":[{"href":"https:\/\/www.radioluna.it\/news\/wp-json\/wp\/v2\/posts"}],"about":[{"href":"https:\/\/www.radioluna.it\/news\/wp-json\/wp\/v2\/types\/post"}],"author":[{"embeddable":true,"href":"https:\/\/www.radioluna.it\/news\/wp-json\/wp\/v2\/users\/62"}],"replies":[{"embeddable":true,"href":"https:\/\/www.radioluna.it\/news\/wp-json\/wp\/v2\/comments?post=195031"}],"version-history":[{"count":0,"href":"https:\/\/www.radioluna.it\/news\/wp-json\/wp\/v2\/posts\/195031\/revisions"}],"wp:featuredmedia":[{"embeddable":true,"href":"https:\/\/www.radioluna.it\/news\/wp-json\/wp\/v2\/media\/195032"}],"wp:attachment":[{"href":"https:\/\/www.radioluna.it\/news\/wp-json\/wp\/v2\/media?parent=195031"}],"wp:term":[{"taxonomy":"category","embeddable":true,"href":"https:\/\/www.radioluna.it\/news\/wp-json\/wp\/v2\/categories?post=195031"},{"taxonomy":"post_tag","embeddable":true,"href":"https:\/\/www.radioluna.it\/news\/wp-json\/wp\/v2\/tags?post=195031"}],"curies":[{"name":"wp","href":"https:\/\/api.w.org\/{rel}","templated":true}]}}