{"id":195071,"date":"2017-06-26T11:32:49","date_gmt":"2017-06-26T09:32:49","guid":{"rendered":"http:\/\/www.radioluna.it\/news\/?p=195071"},"modified":"2017-06-27T09:29:54","modified_gmt":"2017-06-27T07:29:54","slug":"festival-pontino-gianfranco-pannone-alla-macchina-da-presa","status":"publish","type":"post","link":"https:\/\/www.radioluna.it\/news\/2017\/06\/festival-pontino-gianfranco-pannone-alla-macchina-da-presa\/","title":{"rendered":"Festival Pontino, Gianfranco Pannone alla macchina da presa"},"content":{"rendered":"<div id=\"fb-root\"><\/div>\n<p style=\"text-align: justify;\"><strong><img loading=\"lazy\" decoding=\"async\" class=\"aligncenter size-thumbnail wp-image-195073\" src=\"http:\/\/www.radioluna.it\/news\/wp-content\/uploads\/2017\/06\/Banda-musicale-Marina-Militare_ridotta-689x459.jpg\" alt=\"\" width=\"689\" height=\"459\" srcset=\"https:\/\/www.radioluna.it\/news\/wp-content\/uploads\/2017\/06\/Banda-musicale-Marina-Militare_ridotta-689x459.jpg 689w, https:\/\/www.radioluna.it\/news\/wp-content\/uploads\/2017\/06\/Banda-musicale-Marina-Militare_ridotta-300x200.jpg 300w, https:\/\/www.radioluna.it\/news\/wp-content\/uploads\/2017\/06\/Banda-musicale-Marina-Militare_ridotta-768x511.jpg 768w, https:\/\/www.radioluna.it\/news\/wp-content\/uploads\/2017\/06\/Banda-musicale-Marina-Militare_ridotta-800x533.jpg 800w, https:\/\/www.radioluna.it\/news\/wp-content\/uploads\/2017\/06\/Banda-musicale-Marina-Militare_ridotta.jpg 1000w\" sizes=\"auto, (max-width: 689px) 100vw, 689px\" \/>LATINA &#8211;<\/strong>\u00a0 Un concerto nei Giardini del palazzo Comunale di Latina aprir\u00e0 il 53* festival Pontino di Musica. E&#8217; una delle novit\u00e0 del programma 2017 che prevede 21 appuntamenti in un mese, dal 30 giugno al 31 luglio. Concerti al \u00a0Castello Caetani di Sermoneta, nell\u2019Infermeria dell\u2019Abbazia di Fossanova, nell\u2019Oasi di Pantanello a Ninfa, e ancora nel Chiostro di Sant\u2019Oliva a Cori e nella Chiesa di San Francesco d\u2019Assisi, a Latina (come i Giardini comunali).<\/p>\n<p style=\"text-align: justify;\">&#8220;Musica di ogni genere, dal jazz alla classica, con una attenzione particolare alla musica contemporanea e agli autori di oggi, gi\u00e0 conosciuti oppure giovanissimi, e protagonisti noti solisti e orchestre e ensemble da camera, cui si affiancano spesso i talenti dei Corsi di Perfezionamento Strumentale e di Interpretazione Musicale che si svolgono durante il Festival&#8221;, dice Elisa Cerocchi neo Presidente della Fondazione Campus Internazionale di Musica.<\/p>\n<p style=\"text-align: justify;\">Dietro le quinte dei Corsi di Perfezionamento ci sar\u00e0 invece il regista Gianfranco Pannone per raccontare a modo suo \u00a0che cosa accade tra le stanze del Castello Caetani dove i giovani musicisti si specializzano alla corte di alcuni eccellenti strumentisti.<\/p>\n<p style=\"text-align: justify;\">Cos\u00ec ce lo racconta Elisa Cerocchi nella rubrica Buongiorno Festival, in onda su Radio Luna ogni luned\u00ec, gioved\u00ec, venerd\u00ec e sabato per tutta la durata del Festival Pontino.<\/p>\n<audio class=\"wp-audio-shortcode\" id=\"audio-195071-1\" preload=\"none\" style=\"width: 100%;\" controls=\"controls\"><source type=\"audio\/mpeg\" src=\"http:\/\/www.radioluna.it\/news\/wp-content\/uploads\/2017\/06\/buongiorno-festival.mp3?_=1\" \/><a href=\"http:\/\/www.radioluna.it\/news\/wp-content\/uploads\/2017\/06\/buongiorno-festival.mp3\">http:\/\/www.radioluna.it\/news\/wp-content\/uploads\/2017\/06\/buongiorno-festival.mp3<\/a><\/audio>\n<div class=\"radio-posizionamento-telefono-in-articoli-dopo-il-contenuto-articolo radio-entity-placement\" id=\"radio-699148301\"><div id=\"radio-3785863869\"><a href=\"https:\/\/grupporedi.it\/\" aria-label=\"Redi-Qr\"><img loading=\"lazy\" decoding=\"async\" src=\"https:\/\/www.radioluna.it\/news\/wp-content\/uploads\/2026\/03\/Redi-Qr.jpg\" alt=\"\"  srcset=\"https:\/\/www.radioluna.it\/news\/wp-content\/uploads\/2026\/03\/Redi-Qr.jpg 800w, https:\/\/www.radioluna.it\/news\/wp-content\/uploads\/2026\/03\/Redi-Qr-768x639.jpg 768w\" sizes=\"(max-width: 800px) 100vw, 800px\" width=\"300\" height=\"250\"   \/><\/a><\/div><\/div>","protected":false},"excerpt":{"rendered":"<p>LATINA &#8211;\u00a0 Un concerto nei Giardini del palazzo Comunale di Latina aprir\u00e0 il 53* festival Pontino di Musica. E&#8217; una delle novit\u00e0 del programma 2017 che prevede 21 appuntamenti in un mese, dal 30 giugno al 31 luglio. Concerti al \u00a0Castello Caetani di Sermoneta, nell\u2019Infermeria dell\u2019Abbazia di Fossanova, nell\u2019Oasi di Pantanello a Ninfa, e ancora [&hellip;]<\/p>\n","protected":false},"author":62,"featured_media":195073,"comment_status":"open","ping_status":"closed","sticky":false,"template":"","format":"standard","meta":{"footnotes":""},"categories":[16,2310],"tags":[],"class_list":["post-195071","post","type-post","status-publish","format-standard","has-post-thumbnail","hentry","category-appuntamenti","category-audio"],"_links":{"self":[{"href":"https:\/\/www.radioluna.it\/news\/wp-json\/wp\/v2\/posts\/195071","targetHints":{"allow":["GET"]}}],"collection":[{"href":"https:\/\/www.radioluna.it\/news\/wp-json\/wp\/v2\/posts"}],"about":[{"href":"https:\/\/www.radioluna.it\/news\/wp-json\/wp\/v2\/types\/post"}],"author":[{"embeddable":true,"href":"https:\/\/www.radioluna.it\/news\/wp-json\/wp\/v2\/users\/62"}],"replies":[{"embeddable":true,"href":"https:\/\/www.radioluna.it\/news\/wp-json\/wp\/v2\/comments?post=195071"}],"version-history":[{"count":0,"href":"https:\/\/www.radioluna.it\/news\/wp-json\/wp\/v2\/posts\/195071\/revisions"}],"wp:featuredmedia":[{"embeddable":true,"href":"https:\/\/www.radioluna.it\/news\/wp-json\/wp\/v2\/media\/195073"}],"wp:attachment":[{"href":"https:\/\/www.radioluna.it\/news\/wp-json\/wp\/v2\/media?parent=195071"}],"wp:term":[{"taxonomy":"category","embeddable":true,"href":"https:\/\/www.radioluna.it\/news\/wp-json\/wp\/v2\/categories?post=195071"},{"taxonomy":"post_tag","embeddable":true,"href":"https:\/\/www.radioluna.it\/news\/wp-json\/wp\/v2\/tags?post=195071"}],"curies":[{"name":"wp","href":"https:\/\/api.w.org\/{rel}","templated":true}]}}