{"id":195104,"date":"2017-06-27T09:23:57","date_gmt":"2017-06-27T07:23:57","guid":{"rendered":"http:\/\/www.radioluna.it\/news\/?p=195104"},"modified":"2017-08-23T10:08:08","modified_gmt":"2017-08-23T08:08:08","slug":"il-coni-salotto-musicale-per-gino-paoli-e-danilo-rea","status":"publish","type":"post","link":"https:\/\/www.radioluna.it\/news\/2017\/06\/il-coni-salotto-musicale-per-gino-paoli-e-danilo-rea\/","title":{"rendered":"Il Campo Coni Salotto Musicale per Gino Paoli e Danilo Rea"},"content":{"rendered":"<div id=\"fb-root\"><\/div>\n<div id=\"attachment_195107\" style=\"width: 699px\" class=\"wp-caption aligncenter\"><img loading=\"lazy\" decoding=\"async\" aria-describedby=\"caption-attachment-195107\" class=\"size-thumbnail wp-image-195107\" src=\"http:\/\/www.radioluna.it\/news\/wp-content\/uploads\/2017\/06\/autoitalia-1-689x385.jpg\" alt=\"\" width=\"689\" height=\"385\" srcset=\"https:\/\/www.radioluna.it\/news\/wp-content\/uploads\/2017\/06\/autoitalia-1-689x385.jpg 689w, https:\/\/www.radioluna.it\/news\/wp-content\/uploads\/2017\/06\/autoitalia-1-300x168.jpg 300w, https:\/\/www.radioluna.it\/news\/wp-content\/uploads\/2017\/06\/autoitalia-1-768x429.jpg 768w, https:\/\/www.radioluna.it\/news\/wp-content\/uploads\/2017\/06\/autoitalia-1-800x447.jpg 800w, https:\/\/www.radioluna.it\/news\/wp-content\/uploads\/2017\/06\/autoitalia-1.jpg 1000w\" sizes=\"auto, (max-width: 689px) 100vw, 689px\" \/><p id=\"caption-attachment-195107\" class=\"wp-caption-text\">La conferenza stampa nella nuova sede di Autoitalia, spensor della rassegna con Alfredo Romano, Crhistian Papa, Gianpiero Trivellato e l&#8217;assessore Antonella Di Muro<\/p><\/div>\n<p style=\"text-align: justify;\"><strong>LATINA &#8211;<\/strong>\u00a0Un concerto al campo Coni di Latina \u00e8 la scommessa organizzativa dei Salotti Musicali, la rassegna estiva che torna nella sua versione 2017 con 8 date a partire dal prossimo gioved\u00ec 29 giugno nei giardini del Consorzio di Bonifica. Cinque concerti a Latina, due a Sperlonga e l&#8217;ultimo a Sabaudia che chiuder\u00e0 l&#8217;estate, il 24 agosto, \u00a0in Piazza del Comune dove risuoner\u00e0 la Musica per le citt\u00e0 di Fondazione.<\/p>\n<p style=\"text-align: justify;\">Si comincia con le improvvisazioni jazzistiche di Michele Di Toro (29 giugno ore 21 Consorzio di Bonifica), poi la classica del Quartetto Guadagnini (6 luglio ore 21), il blues dei Cinelli Brothers (13 luglio ore 21) e il pop di &#8220;Made in Italy&#8221; con il fisarmonicista Marco Lo Russo (27 luglio).<\/p>\n<p style=\"text-align: justify;\">Ma la star \u00e8 Gino Paoli. Il grande cantautore italiano sar\u00e0 in duo con Danilo Rea, il 20 luglio, nell&#8217;impianto sportivo del Coni in Via Botticelli dove arriva &#8220;Due come noi che&#8230;&#8221;.<\/p>\n<p style=\"text-align: justify;\">&#8220;Tranquillizzo tutti &#8211; scherza \u00a0Alfredo Romano presidente dell&#8217;associazione Eleomai che organizza la rassegna &#8211; \u00a0sar\u00e0 proprio Gino Paoli in carne e ossa. Molti ci chiamano per essere sicuri che non sia una cover e non lo \u00e8&#8221;. Anzi, il concerto \u00e8 al momento l&#8217;unica data nel Lazio<\/p>\n<p style=\"text-align: justify;\">ASCOLTA<\/p>\n<audio class=\"wp-audio-shortcode\" id=\"audio-195104-1\" preload=\"none\" style=\"width: 100%;\" controls=\"controls\"><source type=\"audio\/mpeg\" src=\"http:\/\/www.radioluna.it\/news\/wp-content\/uploads\/2017\/06\/salotti-alfredo.mp3?_=1\" \/><a href=\"http:\/\/www.radioluna.it\/news\/wp-content\/uploads\/2017\/06\/salotti-alfredo.mp3\">http:\/\/www.radioluna.it\/news\/wp-content\/uploads\/2017\/06\/salotti-alfredo.mp3<\/a><\/audio>\n<p>Per la prima volta, la rassegna si affaccia anche a Sperlonga: l&#8217;8 luglio in Piazza Europa con Italia Migrante, un combo di musicisti, attori e ballerini in uno scambio tra suoni e culture ; e il 29 luglio in Piazza Fontana con due affascinanti violiniste russe al violino elettronico.<\/p>\n<div class=\"radio-posizionamento-telefono-in-articoli-dopo-il-contenuto-articolo radio-entity-placement\" id=\"radio-223859988\"><div id=\"radio-3639181435\"><a href=\"https:\/\/grupporedi.it\/\" aria-label=\"Redi-Qr\"><img loading=\"lazy\" decoding=\"async\" src=\"https:\/\/www.radioluna.it\/news\/wp-content\/uploads\/2026\/03\/Redi-Qr.jpg\" alt=\"\"  srcset=\"https:\/\/www.radioluna.it\/news\/wp-content\/uploads\/2026\/03\/Redi-Qr.jpg 800w, https:\/\/www.radioluna.it\/news\/wp-content\/uploads\/2026\/03\/Redi-Qr-768x639.jpg 768w\" sizes=\"(max-width: 800px) 100vw, 800px\" width=\"300\" height=\"250\"   \/><\/a><\/div><\/div>","protected":false},"excerpt":{"rendered":"<p>LATINA &#8211;\u00a0Un concerto al campo Coni di Latina \u00e8 la scommessa organizzativa dei Salotti Musicali, la rassegna estiva che torna nella sua versione 2017 con 8 date a partire dal prossimo gioved\u00ec 29 giugno nei giardini del Consorzio di Bonifica. Cinque concerti a Latina, due a Sperlonga e l&#8217;ultimo a Sabaudia che chiuder\u00e0 l&#8217;estate, il [&hellip;]<\/p>\n","protected":false},"author":62,"featured_media":195107,"comment_status":"open","ping_status":"closed","sticky":false,"template":"","format":"standard","meta":{"footnotes":""},"categories":[16,2310],"tags":[],"class_list":["post-195104","post","type-post","status-publish","format-standard","has-post-thumbnail","hentry","category-appuntamenti","category-audio"],"_links":{"self":[{"href":"https:\/\/www.radioluna.it\/news\/wp-json\/wp\/v2\/posts\/195104","targetHints":{"allow":["GET"]}}],"collection":[{"href":"https:\/\/www.radioluna.it\/news\/wp-json\/wp\/v2\/posts"}],"about":[{"href":"https:\/\/www.radioluna.it\/news\/wp-json\/wp\/v2\/types\/post"}],"author":[{"embeddable":true,"href":"https:\/\/www.radioluna.it\/news\/wp-json\/wp\/v2\/users\/62"}],"replies":[{"embeddable":true,"href":"https:\/\/www.radioluna.it\/news\/wp-json\/wp\/v2\/comments?post=195104"}],"version-history":[{"count":0,"href":"https:\/\/www.radioluna.it\/news\/wp-json\/wp\/v2\/posts\/195104\/revisions"}],"wp:featuredmedia":[{"embeddable":true,"href":"https:\/\/www.radioluna.it\/news\/wp-json\/wp\/v2\/media\/195107"}],"wp:attachment":[{"href":"https:\/\/www.radioluna.it\/news\/wp-json\/wp\/v2\/media?parent=195104"}],"wp:term":[{"taxonomy":"category","embeddable":true,"href":"https:\/\/www.radioluna.it\/news\/wp-json\/wp\/v2\/categories?post=195104"},{"taxonomy":"post_tag","embeddable":true,"href":"https:\/\/www.radioluna.it\/news\/wp-json\/wp\/v2\/tags?post=195104"}],"curies":[{"name":"wp","href":"https:\/\/api.w.org\/{rel}","templated":true}]}}