{"id":195110,"date":"2017-06-28T12:00:31","date_gmt":"2017-06-28T10:00:31","guid":{"rendered":"http:\/\/www.radioluna.it\/news\/?p=195110"},"modified":"2017-06-30T15:40:05","modified_gmt":"2017-06-30T13:40:05","slug":"costumi-per-il-don-giovanni-pensando-ai-terremotati-maurizio-galante-veste-il-festival-di-spoleto","status":"publish","type":"post","link":"https:\/\/www.radioluna.it\/news\/2017\/06\/costumi-per-il-don-giovanni-pensando-ai-terremotati-maurizio-galante-veste-il-festival-di-spoleto\/","title":{"rendered":"Costumi per il Don Giovanni pensando ai terremotati. Maurizio Galante veste il Festival di Spoleto"},"content":{"rendered":"<div id=\"fb-root\"><\/div>\n<p style=\"text-align: justify;\"><strong><img loading=\"lazy\" decoding=\"async\" class=\"aligncenter size-thumbnail wp-image-195114\" src=\"http:\/\/www.radioluna.it\/news\/wp-content\/uploads\/2017\/06\/galante-a-spoleto-689x585.jpg\" alt=\"\" width=\"689\" height=\"585\" srcset=\"https:\/\/www.radioluna.it\/news\/wp-content\/uploads\/2017\/06\/galante-a-spoleto-689x585.jpg 689w, https:\/\/www.radioluna.it\/news\/wp-content\/uploads\/2017\/06\/galante-a-spoleto-300x255.jpg 300w, https:\/\/www.radioluna.it\/news\/wp-content\/uploads\/2017\/06\/galante-a-spoleto-768x652.jpg 768w, https:\/\/www.radioluna.it\/news\/wp-content\/uploads\/2017\/06\/galante-a-spoleto-800x679.jpg 800w, https:\/\/www.radioluna.it\/news\/wp-content\/uploads\/2017\/06\/galante-a-spoleto.jpg 1000w\" sizes=\"auto, (max-width: 689px) 100vw, 689px\" \/>LATINA &#8211;<\/strong>\u00a0&#8220;La volont\u00e0 quest&#8217;anno \u00e8 pi\u00f9 forte, c&#8217;\u00e8 una grande voglia di lanciare un messaggio di ricostruzione anche attraverso l&#8217;arte&#8221;. Maurizio Galante pensa al terremoto e, appena arrivato in Italia da Parigi, per le prove generali del Don Giovanni, dedica un pensiero agli sfollati, alle storie interrotte, a chi si fa coraggio ogni giorno tra le macerie. &#8220;In una citt\u00e0 bellissima, che come tutta l&#8217;Umbria ha risentito del terremoto &#8211; racconta &#8211; \u00a0c&#8217;\u00e8 oggi la voglia di continuare, andando al di l\u00e0 della vita di tutti i giorni&#8221;.<\/p>\n<p style=\"text-align: justify;\">E&#8217; questo lo spirito che anima la 60\u00b0 edizione del Festival di Spoleto, che aprir\u00e0 come nel 2016 con un&#8217;opera lirica per chiudere il progetto artistico della trilogia di Mozart\/Da Ponte, realizzato in collaborazione con il Ravenna Festival, l&#8217;Orchestra Giovanile Luigi Cherubini e il Teatro Coccia di Novara.<\/p>\n<p style=\"text-align: justify;\"><strong>I COSTUMI<\/strong> &#8211; Maurizio Galante firmer\u00e0 i costumi di tutti i personaggi &#8220;che sono tantissimi&#8221;, dice lui. L&#8217;anno scorso erano stati quelli per Le Nozze di Figaro, allestimento che aveva meritato dieci minuti di applausi scroscianti e i commenti entusiastici sul lavoro fatto proprio da Galante per vestire gli interpreti. E ora, eccolo di nuovo, nella sua versione 2017 chiamato a lavorare per l&#8217;opera diretta da Giorgio Ferrara, con gli scenografi (Oscar) Dante Ferretti e Francesca Lo Schiavo.<\/p>\n<p style=\"text-align: justify;\">&#8220;Quest&#8217;anno abbiamo fatto un lungo e meticoloso lavoro d&#8217;archivio per studiare i tessuti e soprattutto i colori dell&#8217;epoca: broccati, sete che rappresentavano allora, una sorta di biglietto da visita di chi li indossava e stabilivano il censo. Anche il colore stabiliva la classe sociale&#8221;. Come il porpora, che, prima di essere prodotto chimicamente, era costosissimo, perch\u00e9 veniva spremuto dalle ghiandole di un mollusco chiamato Murex brandaris. E purpureo apparir\u00e0 in scena Don Giovanni, il 30 giugno alle 21 per la prima di quest&#8217;opera.<\/p>\n<p style=\"text-align: justify;\">Tanto studio dietro i costumi, ma anche la forza illuminante dell&#8217; &#8220;happy accident, \u00a0che arriva inaspettato e ti fa cogliere un particolare che racconta pi\u00f9 di ogni altro, il personaggio&#8221;. I costumi nascono anche cos\u00ec, ci ha raccontato il creativo di Latina, Maurizio Galante<\/p>\n<p style=\"text-align: justify;\"><strong>ASCOLTA<\/strong><\/p>\n<audio class=\"wp-audio-shortcode\" id=\"audio-195110-1\" preload=\"none\" style=\"width: 100%;\" controls=\"controls\"><source type=\"audio\/mpeg\" src=\"http:\/\/www.radioluna.it\/news\/wp-content\/uploads\/2017\/06\/maurizio-Galante-don-giovanni.mp3?_=1\" \/><a href=\"http:\/\/www.radioluna.it\/news\/wp-content\/uploads\/2017\/06\/maurizio-Galante-don-giovanni.mp3\">http:\/\/www.radioluna.it\/news\/wp-content\/uploads\/2017\/06\/maurizio-Galante-don-giovanni.mp3<\/a><\/audio>\n<div class=\"radio-posizionamento-telefono-in-articoli-dopo-il-contenuto-articolo radio-entity-placement\" id=\"radio-3963630054\"><div id=\"radio-3018116355\" style=\"width: 300px;height: 250px;\"><a href=\"https:\/\/www.icarspa.it\/auto\/usate\/latina\/\" aria-label=\"banner aprile icar new life &#8211; auto usate latina\"><img loading=\"lazy\" decoding=\"async\" src=\"https:\/\/www.radioluna.it\/news\/wp-content\/uploads\/2026\/02\/banner-aprile-icar-new-life-auto-usate-latina.gif\" alt=\"\"  width=\"300\" height=\"250\"   \/><\/a><\/div><\/div>","protected":false},"excerpt":{"rendered":"<p>LATINA &#8211;\u00a0&#8220;La volont\u00e0 quest&#8217;anno \u00e8 pi\u00f9 forte, c&#8217;\u00e8 una grande voglia di lanciare un messaggio di ricostruzione anche attraverso l&#8217;arte&#8221;. Maurizio Galante pensa al terremoto e, appena arrivato in Italia da Parigi, per le prove generali del Don Giovanni, dedica un pensiero agli sfollati, alle storie interrotte, a chi si fa coraggio ogni giorno tra [&hellip;]<\/p>\n","protected":false},"author":62,"featured_media":195114,"comment_status":"open","ping_status":"closed","sticky":false,"template":"","format":"standard","meta":{"footnotes":""},"categories":[2310,15],"tags":[],"class_list":["post-195110","post","type-post","status-publish","format-standard","has-post-thumbnail","hentry","category-audio","category-cultura"],"_links":{"self":[{"href":"https:\/\/www.radioluna.it\/news\/wp-json\/wp\/v2\/posts\/195110","targetHints":{"allow":["GET"]}}],"collection":[{"href":"https:\/\/www.radioluna.it\/news\/wp-json\/wp\/v2\/posts"}],"about":[{"href":"https:\/\/www.radioluna.it\/news\/wp-json\/wp\/v2\/types\/post"}],"author":[{"embeddable":true,"href":"https:\/\/www.radioluna.it\/news\/wp-json\/wp\/v2\/users\/62"}],"replies":[{"embeddable":true,"href":"https:\/\/www.radioluna.it\/news\/wp-json\/wp\/v2\/comments?post=195110"}],"version-history":[{"count":0,"href":"https:\/\/www.radioluna.it\/news\/wp-json\/wp\/v2\/posts\/195110\/revisions"}],"wp:featuredmedia":[{"embeddable":true,"href":"https:\/\/www.radioluna.it\/news\/wp-json\/wp\/v2\/media\/195114"}],"wp:attachment":[{"href":"https:\/\/www.radioluna.it\/news\/wp-json\/wp\/v2\/media?parent=195110"}],"wp:term":[{"taxonomy":"category","embeddable":true,"href":"https:\/\/www.radioluna.it\/news\/wp-json\/wp\/v2\/categories?post=195110"},{"taxonomy":"post_tag","embeddable":true,"href":"https:\/\/www.radioluna.it\/news\/wp-json\/wp\/v2\/tags?post=195110"}],"curies":[{"name":"wp","href":"https:\/\/api.w.org\/{rel}","templated":true}]}}