{"id":195162,"date":"2017-06-28T11:17:53","date_gmt":"2017-06-28T09:17:53","guid":{"rendered":"http:\/\/www.radioluna.it\/news\/?p=195162"},"modified":"2017-06-28T11:17:53","modified_gmt":"2017-06-28T09:17:53","slug":"da-questore-a-cittadino-onorario-lascia-latina-giuseppe-de-matteis","status":"publish","type":"post","link":"https:\/\/www.radioluna.it\/news\/2017\/06\/da-questore-a-cittadino-onorario-lascia-latina-giuseppe-de-matteis\/","title":{"rendered":"Da questore a cittadino onorario: lascia Latina Giuseppe De Matteis"},"content":{"rendered":"<div id=\"fb-root\"><\/div>\n<div id=\"attachment_169866\" style=\"width: 645px\" class=\"wp-caption aligncenter\"><img loading=\"lazy\" decoding=\"async\" aria-describedby=\"caption-attachment-169866\" class=\"size-thumbnail wp-image-169866\" src=\"http:\/\/www.radioluna.it\/news\/wp-content\/uploads\/2015\/10\/de-matteis1-635x422.jpg\" alt=\"\" width=\"635\" height=\"422\" srcset=\"https:\/\/www.radioluna.it\/news\/wp-content\/uploads\/2015\/10\/de-matteis1-635x422.jpg 635w, https:\/\/www.radioluna.it\/news\/wp-content\/uploads\/2015\/10\/de-matteis1-768x511.jpg 768w, https:\/\/www.radioluna.it\/news\/wp-content\/uploads\/2015\/10\/de-matteis1-500x333.jpg 500w, https:\/\/www.radioluna.it\/news\/wp-content\/uploads\/2015\/10\/de-matteis1-600x400.jpg 600w, https:\/\/www.radioluna.it\/news\/wp-content\/uploads\/2015\/10\/de-matteis1-300x200.jpg 300w, https:\/\/www.radioluna.it\/news\/wp-content\/uploads\/2015\/10\/de-matteis1.jpg 800w\" sizes=\"auto, (max-width: 635px) 100vw, 635px\" \/><p id=\"caption-attachment-169866\" class=\"wp-caption-text\">Il Questore de Matteis<\/p><\/div>\n<p style=\"text-align: justify;\"><strong>LATINA<\/strong> &#8211; Saluta da cittadino onorario di Latina, il questore Giuseppe De Matteis. Tre anni alla guida della polizia, dagli uffici di Corso della Repubblica, ha condotto importanti inchieste e fatto dichiarazioni spesso dirompenti, diventando un vero e proprio influencer sul territorio. De Matteis dalla prossima settimana vigiler\u00e0 sulla Presidente della Camera, destinato ad un ruolo nel cuore delle pi\u00f9 alte istituzioni dello Stato dove lo ha voluto il capo della polizia, Franco Gabrielli.<\/p>\n<p style=\"text-align: justify;\">\u201cQuesta provincia \u00e8 stata l&#8217;esperienza pi\u00f9 significativa dei miei 33 anni di carriera, lascio una citt\u00e0 cambiata\u201d, ha detto in un&#8217;intervista al Messaggero ripercorrendo le tappe dei 1000 giorni al vertice della Questura. A cominciare dall&#8217;acclamazione, inattesa ed esaltante, rivolta ai suoi uomini dopo l&#8217;operazione Dont&#8217;Touch che ha segnato il momento di legame profondo con il capoluogo pontino. Un lavoro destinato ad avere ulteriori effetti.<\/p>\n<p style=\"text-align: justify;\">Del territorio il questore De Matteis ha saputo apprezzare anche le bellezze, che ha scoperto, da semplice residente, sportivo e amante della natura, percorrendo il rettilineo di strada che separa i laghi dalla duna in sella alla sua bicicletta.<\/p>\n<p style=\"text-align: justify;\">Al suo posto arriver\u00e0 da Terni il questore Carmine Belfiore.<\/p>\n","protected":false},"excerpt":{"rendered":"<p>LATINA &#8211; Saluta da cittadino onorario di Latina, il questore Giuseppe De Matteis. Tre anni alla guida della polizia, dagli uffici di Corso della Repubblica, ha condotto importanti inchieste e fatto dichiarazioni spesso dirompenti, diventando un vero e proprio influencer sul territorio. De Matteis dalla prossima settimana vigiler\u00e0 sulla Presidente della Camera, destinato ad un [&hellip;]<\/p>\n","protected":false},"author":62,"featured_media":169866,"comment_status":"open","ping_status":"closed","sticky":false,"template":"","format":"standard","meta":{"footnotes":""},"categories":[7],"tags":[],"class_list":["post-195162","post","type-post","status-publish","format-standard","has-post-thumbnail","hentry","category-cronaca"],"_links":{"self":[{"href":"https:\/\/www.radioluna.it\/news\/wp-json\/wp\/v2\/posts\/195162","targetHints":{"allow":["GET"]}}],"collection":[{"href":"https:\/\/www.radioluna.it\/news\/wp-json\/wp\/v2\/posts"}],"about":[{"href":"https:\/\/www.radioluna.it\/news\/wp-json\/wp\/v2\/types\/post"}],"author":[{"embeddable":true,"href":"https:\/\/www.radioluna.it\/news\/wp-json\/wp\/v2\/users\/62"}],"replies":[{"embeddable":true,"href":"https:\/\/www.radioluna.it\/news\/wp-json\/wp\/v2\/comments?post=195162"}],"version-history":[{"count":0,"href":"https:\/\/www.radioluna.it\/news\/wp-json\/wp\/v2\/posts\/195162\/revisions"}],"wp:featuredmedia":[{"embeddable":true,"href":"https:\/\/www.radioluna.it\/news\/wp-json\/wp\/v2\/media\/169866"}],"wp:attachment":[{"href":"https:\/\/www.radioluna.it\/news\/wp-json\/wp\/v2\/media?parent=195162"}],"wp:term":[{"taxonomy":"category","embeddable":true,"href":"https:\/\/www.radioluna.it\/news\/wp-json\/wp\/v2\/categories?post=195162"},{"taxonomy":"post_tag","embeddable":true,"href":"https:\/\/www.radioluna.it\/news\/wp-json\/wp\/v2\/tags?post=195162"}],"curies":[{"name":"wp","href":"https:\/\/api.w.org\/{rel}","templated":true}]}}