{"id":195167,"date":"2017-06-28T17:37:46","date_gmt":"2017-06-28T15:37:46","guid":{"rendered":"http:\/\/www.radioluna.it\/news\/?p=195167"},"modified":"2017-06-28T17:51:19","modified_gmt":"2017-06-28T15:51:19","slug":"incidente-frontale-in-via-selciatella-ad-aprilia-muore-una-donna","status":"publish","type":"post","link":"https:\/\/www.radioluna.it\/news\/2017\/06\/incidente-frontale-in-via-selciatella-ad-aprilia-muore-una-donna\/","title":{"rendered":"Incidente frontale in Via Selciatella, ad Aprilia, muore una donna. Un&#8217;altra \u00e8 ferita gravemente"},"content":{"rendered":"<div id=\"fb-root\"><\/div>\n<p style=\"text-align: justify;\"><strong><a href=\"http:\/\/www.radioluna.it\/news\/wp-content\/uploads\/2017\/06\/vvff-2.jpg\"><img loading=\"lazy\" decoding=\"async\" class=\"aligncenter size-full wp-image-195172\" src=\"http:\/\/www.radioluna.it\/news\/wp-content\/uploads\/2017\/06\/vvff-2.jpg\" alt=\"\" width=\"665\" height=\"584\" \/><\/a>APRILIA<\/strong> &#8211; Una donna ha perso la vita oggi in un incidente frontale che si \u00e8 verificato in via Selciatella ad Aprilia. Intorno alle 14 per ragioni in corso di accertamenti da parte della Polizia stradale intervenuta sul posto, sul tratto nei pressi di Via Torre del Padiglione si sono scontrate una Ford Fiesta e una Renault Sc\u00e9nic guidate da due donne. Per la donna alla guida della Ford non c&#8217;\u00e8 stato nulla da dare ed \u00e8 morta sul colpo, l&#8217;altra \u00e8 ferita gravemente ed \u00e8 stata elitrasportata in ospedale. Sul posto sono intervenuti i sanitari del 118 e\u00a0 i vigili del fuoco che dopo aver estratto i feriti dalla lamiere, hanno\u00a0spento l&#8217;incendio divampato dopo lo schianto. \u00a0La strada \u00e8 stata chiusa al traffico.<\/p>\n","protected":false},"excerpt":{"rendered":"<p>APRILIA &#8211; Una donna ha perso la vita oggi in un incidente frontale che si \u00e8 verificato in via Selciatella ad Aprilia. Intorno alle 14 per ragioni in corso di accertamenti da parte della Polizia stradale intervenuta sul posto, sul tratto nei pressi di Via Torre del Padiglione si sono scontrate una Ford Fiesta e [&hellip;]<\/p>\n","protected":false},"author":60,"featured_media":0,"comment_status":"open","ping_status":"closed","sticky":false,"template":"","format":"standard","meta":{"footnotes":""},"categories":[7],"tags":[],"class_list":["post-195167","post","type-post","status-publish","format-standard","hentry","category-cronaca"],"_links":{"self":[{"href":"https:\/\/www.radioluna.it\/news\/wp-json\/wp\/v2\/posts\/195167","targetHints":{"allow":["GET"]}}],"collection":[{"href":"https:\/\/www.radioluna.it\/news\/wp-json\/wp\/v2\/posts"}],"about":[{"href":"https:\/\/www.radioluna.it\/news\/wp-json\/wp\/v2\/types\/post"}],"author":[{"embeddable":true,"href":"https:\/\/www.radioluna.it\/news\/wp-json\/wp\/v2\/users\/60"}],"replies":[{"embeddable":true,"href":"https:\/\/www.radioluna.it\/news\/wp-json\/wp\/v2\/comments?post=195167"}],"version-history":[{"count":0,"href":"https:\/\/www.radioluna.it\/news\/wp-json\/wp\/v2\/posts\/195167\/revisions"}],"wp:attachment":[{"href":"https:\/\/www.radioluna.it\/news\/wp-json\/wp\/v2\/media?parent=195167"}],"wp:term":[{"taxonomy":"category","embeddable":true,"href":"https:\/\/www.radioluna.it\/news\/wp-json\/wp\/v2\/categories?post=195167"},{"taxonomy":"post_tag","embeddable":true,"href":"https:\/\/www.radioluna.it\/news\/wp-json\/wp\/v2\/tags?post=195167"}],"curies":[{"name":"wp","href":"https:\/\/api.w.org\/{rel}","templated":true}]}}