{"id":195192,"date":"2017-06-29T07:46:59","date_gmt":"2017-06-29T05:46:59","guid":{"rendered":"http:\/\/www.radioluna.it\/news\/?p=195192"},"modified":"2017-07-01T12:22:47","modified_gmt":"2017-07-01T10:22:47","slug":"il-festival-pontino-apre-a-latina-nei-giardini-comunali","status":"publish","type":"post","link":"https:\/\/www.radioluna.it\/news\/2017\/06\/il-festival-pontino-apre-a-latina-nei-giardini-comunali\/","title":{"rendered":"Il Festival Pontino apre a Latina nei Giardini Comunali"},"content":{"rendered":"<div id=\"fb-root\"><\/div>\n<p style=\"text-align: justify;\"><strong><img loading=\"lazy\" decoding=\"async\" class=\"aligncenter size-thumbnail wp-image-195193\" src=\"http:\/\/www.radioluna.it\/news\/wp-content\/uploads\/2017\/06\/BANDA-MUSICALE-689x339.jpg\" alt=\"\" width=\"689\" height=\"339\" srcset=\"https:\/\/www.radioluna.it\/news\/wp-content\/uploads\/2017\/06\/BANDA-MUSICALE-689x339.jpg 689w, https:\/\/www.radioluna.it\/news\/wp-content\/uploads\/2017\/06\/BANDA-MUSICALE-300x148.jpg 300w, https:\/\/www.radioluna.it\/news\/wp-content\/uploads\/2017\/06\/BANDA-MUSICALE.jpg 753w\" sizes=\"auto, (max-width: 689px) 100vw, 689px\" \/>LATINA &#8211;<\/strong>\u00a0Una grande festa musicale, con il concerto ad ingresso libero della Banda Musicale della Marina Militare diretta da Antonio Barbagallo \u00a0apre venerd\u00ec 30 giugno (ore 21) nel nuovo spazio dei Giardini del Palazzo Comunale di Latina, la 53\u00aa edizione del Festival Pontino di Musica.\u00a0 Musiche assai popolari per un programma che spazier\u00e0 dall\u2019Ouverture de L\u2019italiana in Algeri di Rossini a La donna \u00e8 mobile dal Rigoletto di Verdi, fino alle colonne sonore di Ennio Morricone, un omaggio a Lucio Dalla e alla sua celebre canzone Caruso e al tango di Astor Piazzolla; solista il tenore Claudio Minardi.<\/p>\n<p style=\"text-align: justify;\">Fra i pi\u00f9 antichi complessi bandistici italiani, la Banda Musicale della Marina Militare trae origine dai piccoli complessi strumentali che nelle Marine preunitarie erano normalmente imbarcati sulle navi ammiraglie. Oggi la banda si esibisce regolarmente in Italia e all\u2019estero e per la sua capacit\u00e0 di rappresentare attraverso la musica l\u2019impegno della Marina nel sociale e negli aiuti umanitari (nel 2004 \u00e8 stata insignita del Cavalierato di Pace dal Centro Internazionale per la Pace fra i Popoli di Assisi); \u00e8 formata da 102 orchestrali tutti in servizio permanente effettivo e provenienti dai pi\u00f9 importanti conservatori di musica.<\/p>\n<p style=\"text-align: justify;\">Ci ha raccontato tutto in Buongiorno festival, il Capitano di fregata M\u00b0 Antonio Barbagallo che diriger\u00e0 la Banda<\/p>\n<audio class=\"wp-audio-shortcode\" id=\"audio-195192-1\" preload=\"none\" style=\"width: 100%;\" controls=\"controls\"><source type=\"audio\/mpeg\" src=\"http:\/\/www.radioluna.it\/news\/wp-content\/uploads\/2017\/06\/barbagallo-banda.mp3?_=1\" \/><a href=\"http:\/\/www.radioluna.it\/news\/wp-content\/uploads\/2017\/06\/barbagallo-banda.mp3\">http:\/\/www.radioluna.it\/news\/wp-content\/uploads\/2017\/06\/barbagallo-banda.mp3<\/a><\/audio>\n<p style=\"text-align: justify;\">Dal 30 giugno saranno dunque ventuno gli appuntamenti di musica fino al 31 luglio suddivisi tra il Castello Caetani di Sermoneta, l\u2019Abbazia di Fossanova, la suggestiva cornice dell\u2019Oasi di Pantanello nello splendido Giardino di Ninfa, il Chiostro di Sant\u2019Oliva a Cori e la Chiesa di San Francesco d\u2019Assisi a Latina. Musica di ogni genere, dal jazz alla classica, con una attenzione particolare alla musica contemporanea e agli autori di oggi, gi\u00e0 conosciuti oppure giovanissimi, e protagonisti noti solisti e orchestre e ensemble da camera.<\/p>\n<div class=\"radio-posizionamento-telefono-in-articoli-dopo-il-contenuto-articolo radio-entity-placement\" id=\"radio-1201901131\"><div id=\"radio-2568267860\" style=\"width: 300px;height: 250px;\"><a href=\"https:\/\/www.icarspa.it\/auto\/usate\/latina\/\" aria-label=\"banner aprile icar new life &#8211; auto usate latina\"><img loading=\"lazy\" decoding=\"async\" src=\"https:\/\/www.radioluna.it\/news\/wp-content\/uploads\/2026\/02\/banner-aprile-icar-new-life-auto-usate-latina.gif\" alt=\"\"  width=\"300\" height=\"250\"   \/><\/a><\/div><\/div>","protected":false},"excerpt":{"rendered":"<p>LATINA &#8211;\u00a0Una grande festa musicale, con il concerto ad ingresso libero della Banda Musicale della Marina Militare diretta da Antonio Barbagallo \u00a0apre venerd\u00ec 30 giugno (ore 21) nel nuovo spazio dei Giardini del Palazzo Comunale di Latina, la 53\u00aa edizione del Festival Pontino di Musica.\u00a0 Musiche assai popolari per un programma che spazier\u00e0 dall\u2019Ouverture de [&hellip;]<\/p>\n","protected":false},"author":60,"featured_media":195193,"comment_status":"open","ping_status":"closed","sticky":false,"template":"","format":"standard","meta":{"footnotes":""},"categories":[16,2310],"tags":[],"class_list":["post-195192","post","type-post","status-publish","format-standard","has-post-thumbnail","hentry","category-appuntamenti","category-audio"],"_links":{"self":[{"href":"https:\/\/www.radioluna.it\/news\/wp-json\/wp\/v2\/posts\/195192","targetHints":{"allow":["GET"]}}],"collection":[{"href":"https:\/\/www.radioluna.it\/news\/wp-json\/wp\/v2\/posts"}],"about":[{"href":"https:\/\/www.radioluna.it\/news\/wp-json\/wp\/v2\/types\/post"}],"author":[{"embeddable":true,"href":"https:\/\/www.radioluna.it\/news\/wp-json\/wp\/v2\/users\/60"}],"replies":[{"embeddable":true,"href":"https:\/\/www.radioluna.it\/news\/wp-json\/wp\/v2\/comments?post=195192"}],"version-history":[{"count":0,"href":"https:\/\/www.radioluna.it\/news\/wp-json\/wp\/v2\/posts\/195192\/revisions"}],"wp:featuredmedia":[{"embeddable":true,"href":"https:\/\/www.radioluna.it\/news\/wp-json\/wp\/v2\/media\/195193"}],"wp:attachment":[{"href":"https:\/\/www.radioluna.it\/news\/wp-json\/wp\/v2\/media?parent=195192"}],"wp:term":[{"taxonomy":"category","embeddable":true,"href":"https:\/\/www.radioluna.it\/news\/wp-json\/wp\/v2\/categories?post=195192"},{"taxonomy":"post_tag","embeddable":true,"href":"https:\/\/www.radioluna.it\/news\/wp-json\/wp\/v2\/tags?post=195192"}],"curies":[{"name":"wp","href":"https:\/\/api.w.org\/{rel}","templated":true}]}}