{"id":195195,"date":"2017-06-29T11:29:48","date_gmt":"2017-06-29T09:29:48","guid":{"rendered":"http:\/\/www.radioluna.it\/news\/?p=195195"},"modified":"2017-06-29T09:08:43","modified_gmt":"2017-06-29T07:08:43","slug":"festival-pontino-tra-metamorfosi-e-virtuosismi","status":"publish","type":"post","link":"https:\/\/www.radioluna.it\/news\/2017\/06\/festival-pontino-tra-metamorfosi-e-virtuosismi\/","title":{"rendered":"Festival Pontino tra metamorfosi e virtuosismi"},"content":{"rendered":"<div id=\"fb-root\"><\/div>\n<p style=\"text-align: justify;\"><strong><img loading=\"lazy\" decoding=\"async\" class=\"aligncenter size-thumbnail wp-image-195196\" src=\"http:\/\/www.radioluna.it\/news\/wp-content\/uploads\/2017\/06\/duo-689x460.jpg\" alt=\"\" width=\"689\" height=\"460\" srcset=\"https:\/\/www.radioluna.it\/news\/wp-content\/uploads\/2017\/06\/duo-689x460.jpg 689w, https:\/\/www.radioluna.it\/news\/wp-content\/uploads\/2017\/06\/duo-300x200.jpg 300w, https:\/\/www.radioluna.it\/news\/wp-content\/uploads\/2017\/06\/duo-768x513.jpg 768w, https:\/\/www.radioluna.it\/news\/wp-content\/uploads\/2017\/06\/duo-800x534.jpg 800w, https:\/\/www.radioluna.it\/news\/wp-content\/uploads\/2017\/06\/duo.jpg 992w\" sizes=\"auto, (max-width: 689px) 100vw, 689px\" \/>SERMONETA<\/strong> &#8211;\u00a0Dopo la festa di inaugurazione, sabato 1 luglio e domenica 2 luglio il Festival entra nel vivo proponendo i tradizionali Incontri Internazionali di Musica Contemporanea nella cornice del Castello Caetani di Sermoneta, quest\u2019anno dedicati al tema \u201cIl duo con pianoforte: metamorfosi e virtuosismi\u201d. Dopo la riflessione dello scorso anno sul quartetto d\u2019archi, una formazione che ha attraversato senza sostanziali mutamenti pi\u00f9 di due secoli di storia, l&#8217;attenzione si concentra quest\u2019anno sul duo con pianoforte. Si tratta di una formazione che, a differenza del quartetto d&#8217;archi, ha sub\u00ecto diverse trasformazioni, in particolare in rapporto allo strumento &#8220;altro&#8221; rispetto al pianoforte.<\/p>\n<p style=\"text-align: justify;\">Come ha spiegato a Buongiorno Festival in onda alle 11 su Radio Luna il musicologo Gabriele Bonomo<\/p>\n<p style=\"text-align: justify;\"><strong>ASCOLTA<\/strong><\/p>\n<audio class=\"wp-audio-shortcode\" id=\"audio-195195-1\" preload=\"none\" style=\"width: 100%;\" controls=\"controls\"><source type=\"audio\/mpeg\" src=\"http:\/\/www.radioluna.it\/news\/wp-content\/uploads\/2017\/06\/buongiorno-festival-1.mp3?_=1\" \/><a href=\"http:\/\/www.radioluna.it\/news\/wp-content\/uploads\/2017\/06\/buongiorno-festival-1.mp3\">http:\/\/www.radioluna.it\/news\/wp-content\/uploads\/2017\/06\/buongiorno-festival-1.mp3<\/a><\/audio>\n<p style=\"text-align: justify;\">I due concerti ospitati all&#8217;interno degli Incontri \u00a0saranno introdotti da conversazioni del pubblico con i musicisti e i compositori delle due giornate, ripropongono questa doppia natura: da una parte la multiforme variet\u00e0 del duo percussioni e pianoforte, dall\u2019altra una formazione \u201cclassica\u201d come \u00e8 quella del violoncello e pianoforte.<\/p>\n<p style=\"text-align: justify;\">IL PROGRAMMA . Il concerto dell\u20191 luglio (ore 21) avr\u00e0 dunque per protagonisti il pianista Andrea Rebaudengo e le percussioni di Simone Beneventi, impegnati anche in due prime esecuzioni assolute. Si tratta di Duals per percussioni e pianoforte di Ivan Fedele. \u00abIn \u201cDuals\u201d &#8211; precisa Fedele -, il pianoforte si confronta con specifiche sonorit\u00e0 delle percussioni, proponendo un\u2019alchimia sempre nuova e diversa. Si alternano tamtam e campane a lastra; piatti; steel drum, cencerros e agogo (campanacci); vibrafono, campanacci, crotali e glockenspiel; gong cinesi a glissando e dobaci (ciotole tibetane). Tale dualit\u00e0 si declina cos\u00ec in una molteplicit\u00e0 di interazioni di qualit\u00e0 e di materiali sonori. Nel contempo la vasta composizione sottopone il suono anche a un\u2019interessante dinamica spaziale: lungo le cinque stazioni duali, il percussionista migra infatti nello spazio, compiendo una rotazione tra le postazioni in cui lo attendono i diversi strumenti, a disegnare un percorso geografico tra culture musicali che moltiplica sul piano visivo la cangiante variet\u00e0 \u201cduale\u201d del paesaggio sonoro\u00bb. A seguire la prima esecuzione italiana di Drive per vibrafono e pianoforte dello stesso Fedele. Novit\u00e0 assoluta anche Ench\u00e9re per pianoforte e percussioni di Ma\u00ebl Bailly. Inoltre il programma prevede la riproposizione di un importante lavoro del compositore greco Georges Aperghis, le Quatre pi\u00e8ces f\u00e9briles per pianoforte e marimba scritte nel 1995: \u00abGiochi di specchi &#8211; sono le parole di Aperghis &#8211; tra il pianoforte e la marimba, dei giochi di risonanze o giochi tra attacchi secchi e la loro risonanza. Dei giochi nei quali ci si perde, non sapendo pi\u00f9 chi \u00e8 chi o cos\u2019\u00e8 cosa\u00bb.<\/p>\n<p style=\"text-align: justify;\">Domenica 2 luglio (ore 19.30) toccher\u00e0 a Francesco Dillon al violoncello e a Emanuele Torquati al pianoforte eseguire alcuni brani classici di Beethoven e Schumann per violoncello e pianoforte in un ideale confronto con la musica d\u2019oggi scritta per lo stesso organico. Nel programma dunque anche Memorie di tempesta del milanese Federico Gardella, brano scritto per il Festival di Musica Contemporanea di Venezia nel 2015 e che il compositore descrive con queste parole: \u00abOsservare il tempo, come il monaco nel dipinto di Friedrich osserva il mare: \u00e8 cos\u00ec che, in questo brano ho cercato di declinare il rapporto tra forma e memoria, tra tempo e dimensione atemporale del ricordo\u00bb. Quindi verranno eseguite la prima italiana di Uriel (2012) di Matthias Pintscher e la prima esecuzione assoluta di Sfiori di Danilo Comitini, pianista e compositore nato a Derby (UK) nel 1986 ma con studi al Conservatorio &#8220;G. Rossini&#8221; di Pesaro. \u00abSfiorare lo strumento, sfiorarsi nello spazio \u2013 precisa -. In continua ricerca l\u2019uno dell\u2019altro, pianoforte e violoncello si cimentano in un\u2019intima coreografia al confine tra dialogo, ascolto reciproco e contatto fisico\u00bb.<\/p>\n<p>&nbsp;<\/p>\n<div class=\"radio-posizionamento-telefono-in-articoli-dopo-il-contenuto-articolo radio-entity-placement\" id=\"radio-1338686142\"><div id=\"radio-1830091859\"><a href=\"https:\/\/grupporedi.it\/\" aria-label=\"Redi-Qr\"><img loading=\"lazy\" decoding=\"async\" src=\"https:\/\/www.radioluna.it\/news\/wp-content\/uploads\/2026\/03\/Redi-Qr.jpg\" alt=\"\"  srcset=\"https:\/\/www.radioluna.it\/news\/wp-content\/uploads\/2026\/03\/Redi-Qr.jpg 800w, https:\/\/www.radioluna.it\/news\/wp-content\/uploads\/2026\/03\/Redi-Qr-768x639.jpg 768w\" sizes=\"(max-width: 800px) 100vw, 800px\" width=\"300\" height=\"250\"   \/><\/a><\/div><\/div>","protected":false},"excerpt":{"rendered":"<p>SERMONETA &#8211;\u00a0Dopo la festa di inaugurazione, sabato 1 luglio e domenica 2 luglio il Festival entra nel vivo proponendo i tradizionali Incontri Internazionali di Musica Contemporanea nella cornice del Castello Caetani di Sermoneta, quest\u2019anno dedicati al tema \u201cIl duo con pianoforte: metamorfosi e virtuosismi\u201d. Dopo la riflessione dello scorso anno sul quartetto d\u2019archi, una formazione [&hellip;]<\/p>\n","protected":false},"author":62,"featured_media":195196,"comment_status":"open","ping_status":"closed","sticky":false,"template":"","format":"standard","meta":{"footnotes":""},"categories":[16,2310],"tags":[],"class_list":["post-195195","post","type-post","status-publish","format-standard","has-post-thumbnail","hentry","category-appuntamenti","category-audio"],"_links":{"self":[{"href":"https:\/\/www.radioluna.it\/news\/wp-json\/wp\/v2\/posts\/195195","targetHints":{"allow":["GET"]}}],"collection":[{"href":"https:\/\/www.radioluna.it\/news\/wp-json\/wp\/v2\/posts"}],"about":[{"href":"https:\/\/www.radioluna.it\/news\/wp-json\/wp\/v2\/types\/post"}],"author":[{"embeddable":true,"href":"https:\/\/www.radioluna.it\/news\/wp-json\/wp\/v2\/users\/62"}],"replies":[{"embeddable":true,"href":"https:\/\/www.radioluna.it\/news\/wp-json\/wp\/v2\/comments?post=195195"}],"version-history":[{"count":0,"href":"https:\/\/www.radioluna.it\/news\/wp-json\/wp\/v2\/posts\/195195\/revisions"}],"wp:featuredmedia":[{"embeddable":true,"href":"https:\/\/www.radioluna.it\/news\/wp-json\/wp\/v2\/media\/195196"}],"wp:attachment":[{"href":"https:\/\/www.radioluna.it\/news\/wp-json\/wp\/v2\/media?parent=195195"}],"wp:term":[{"taxonomy":"category","embeddable":true,"href":"https:\/\/www.radioluna.it\/news\/wp-json\/wp\/v2\/categories?post=195195"},{"taxonomy":"post_tag","embeddable":true,"href":"https:\/\/www.radioluna.it\/news\/wp-json\/wp\/v2\/tags?post=195195"}],"curies":[{"name":"wp","href":"https:\/\/api.w.org\/{rel}","templated":true}]}}