{"id":195238,"date":"2017-06-29T19:33:42","date_gmt":"2017-06-29T17:33:42","guid":{"rendered":"http:\/\/www.radioluna.it\/news\/?p=195238"},"modified":"2017-06-29T19:33:42","modified_gmt":"2017-06-29T17:33:42","slug":"latina-citta-per-lattuazione-della-costituzione","status":"publish","type":"post","link":"https:\/\/www.radioluna.it\/news\/2017\/06\/latina-citta-per-lattuazione-della-costituzione\/","title":{"rendered":"Latina Citt\u00e0 per l&#8217;attuazione della Costituzione"},"content":{"rendered":"<div id=\"fb-root\"><\/div>\n<p style=\"text-align: justify;\"><strong><img loading=\"lazy\" decoding=\"async\" class=\"aligncenter size-full wp-image-195239\" src=\"http:\/\/www.radioluna.it\/news\/wp-content\/uploads\/2017\/06\/locandina-Latina-citt\u00e0-per-...-640x905.jpg\" alt=\"\" width=\"640\" height=\"905\" srcset=\"https:\/\/www.radioluna.it\/news\/wp-content\/uploads\/2017\/06\/locandina-Latina-citt\u00e0-per-...-640x905.jpg 640w, https:\/\/www.radioluna.it\/news\/wp-content\/uploads\/2017\/06\/locandina-Latina-citt\u00e0-per-...-640x905-212x300.jpg 212w\" sizes=\"auto, (max-width: 640px) 100vw, 640px\" \/>LATINA<\/strong> &#8211;\u00a0Venerd\u00ec 30 giugno (alle 15) si svolger\u00e0 a Latina, presso il Liceo Scientifico G.B. Grassi, l\u2019assemblea pubblica \u201cLatina, Citt\u00e0 per l\u2019attuazione della Costituzione\u201d che apre, dopo quella di Roma, Milano e Napoli, un ciclo di assemblee cittadine che coinvolge citt\u00e0 e territori. Lo spirito \u00e8 quello di essere un\u2019Amministrazione che intende governare la citt\u00e0 con la partecipazione delle cittadine e dei cittadini ponendo al centro della sua azione politica l\u2019attuazione della Costituzione.<\/p>\n<p style=\"text-align: justify;\">L\u2019evento \u00a0&#8211; come spiega in una nota il Comitato Promotore costituito in collaborazione con Paolo Maddalenae Lidia Menapace &#8211; mette al centro il Governo del territorio, il Coraggio, i Beni Comuni (i principi di partecipazione, sussidiariet\u00e0, solidariet\u00e0, utilit\u00e0 sociale, propriet\u00e0 collettiva e funzione sociale della propriet\u00e0 privata). E&#8217; una giornata di lavoro collettivo che si aprir\u00e0 con la riunione dell\u2019Osservatorio dei Beni Comuni, presieduto dal prof. Alberto Lucarelli, che propone l\u2019Osservatorio come strumento a disposizione dell\u2019intero Paese per avviare una stagione\u00a0 che veda come priorit\u00e0 di ogni azione, pubblica o privata, il riconoscimento dei diritti essenziali al territorio, attraverso la valorizzazione delle risorse e del patrimonio culturale, storico e artistico che costituiscono l\u2019identit\u00e0 stessa di un popolo.<\/p>\n<p style=\"text-align: justify;\">A seguire, il gruppo giuridico permanente \u201cGiuristi per l\u2019azione popolare\u201c, costituitosi l\u20198 maggio scorso rispondendo all\u2019appello di Paolo Maddalena, illustrer\u00e0 le prime azioni su cui sta lavorando avendo recepito le prima istanze popolari.<\/p>\n<p style=\"text-align: justify;\">Dopo la relazione di Paolo Maddalena su come \u201cUscire dalla crisi attuando la Costituzione\u201d, si aprir\u00e0 il confronto che vedr\u00e0 protagonista il territorio, le\u00a0Citt\u00e0 per l\u2019attuazione della Costituzione, rappresentato da Sindaci e Amministrazioni, e da operatori economici, sociali e culturali, insieme per affermare la consapevolezza collettiva che la Costituzione si pu\u00f2 e si deve attuare partendo \u201cdal basso\u201d.<\/p>\n<p>&nbsp;<\/p>\n<p style=\"text-align: justify;\">\n<div class=\"radio-posizionamento-telefono-in-articoli-dopo-il-contenuto-articolo radio-entity-placement\" id=\"radio-455713043\"><div id=\"radio-1938155369\"><a href=\"https:\/\/www.simeoneceramiche.com\/\" aria-label=\"SIMEONE CERAMICHE GIF animata per radioluna_Tavola disegno 1 copia 2 (online-video-cutter.com)\"><img loading=\"lazy\" decoding=\"async\" src=\"https:\/\/www.radioluna.it\/news\/wp-content\/uploads\/2025\/05\/SIMEONE-CERAMICHE-GIF-animata-per-radioluna_Tavola-disegno-1-copia-2-online-video-cutter.com_.gif\" alt=\"\"  width=\"300\" height=\"250\"   \/><\/a><\/div><\/div>","protected":false},"excerpt":{"rendered":"<p>LATINA &#8211;\u00a0Venerd\u00ec 30 giugno (alle 15) si svolger\u00e0 a Latina, presso il Liceo Scientifico G.B. Grassi, l\u2019assemblea pubblica \u201cLatina, Citt\u00e0 per l\u2019attuazione della Costituzione\u201d che apre, dopo quella di Roma, Milano e Napoli, un ciclo di assemblee cittadine che coinvolge citt\u00e0 e territori. Lo spirito \u00e8 quello di essere un\u2019Amministrazione che intende governare la citt\u00e0 [&hellip;]<\/p>\n","protected":false},"author":60,"featured_media":195239,"comment_status":"open","ping_status":"closed","sticky":false,"template":"","format":"standard","meta":{"footnotes":""},"categories":[16,8],"tags":[],"class_list":["post-195238","post","type-post","status-publish","format-standard","has-post-thumbnail","hentry","category-appuntamenti","category-politica"],"_links":{"self":[{"href":"https:\/\/www.radioluna.it\/news\/wp-json\/wp\/v2\/posts\/195238","targetHints":{"allow":["GET"]}}],"collection":[{"href":"https:\/\/www.radioluna.it\/news\/wp-json\/wp\/v2\/posts"}],"about":[{"href":"https:\/\/www.radioluna.it\/news\/wp-json\/wp\/v2\/types\/post"}],"author":[{"embeddable":true,"href":"https:\/\/www.radioluna.it\/news\/wp-json\/wp\/v2\/users\/60"}],"replies":[{"embeddable":true,"href":"https:\/\/www.radioluna.it\/news\/wp-json\/wp\/v2\/comments?post=195238"}],"version-history":[{"count":0,"href":"https:\/\/www.radioluna.it\/news\/wp-json\/wp\/v2\/posts\/195238\/revisions"}],"wp:featuredmedia":[{"embeddable":true,"href":"https:\/\/www.radioluna.it\/news\/wp-json\/wp\/v2\/media\/195239"}],"wp:attachment":[{"href":"https:\/\/www.radioluna.it\/news\/wp-json\/wp\/v2\/media?parent=195238"}],"wp:term":[{"taxonomy":"category","embeddable":true,"href":"https:\/\/www.radioluna.it\/news\/wp-json\/wp\/v2\/categories?post=195238"},{"taxonomy":"post_tag","embeddable":true,"href":"https:\/\/www.radioluna.it\/news\/wp-json\/wp\/v2\/tags?post=195238"}],"curies":[{"name":"wp","href":"https:\/\/api.w.org\/{rel}","templated":true}]}}