{"id":195461,"date":"2017-07-07T07:28:38","date_gmt":"2017-07-07T05:28:38","guid":{"rendered":"http:\/\/www.radioluna.it\/news\/?p=195461"},"modified":"2017-07-07T09:28:03","modified_gmt":"2017-07-07T07:28:03","slug":"coletta-incontra-i-tifosi-nerazzurri-al-francioni","status":"publish","type":"post","link":"https:\/\/www.radioluna.it\/news\/2017\/07\/coletta-incontra-i-tifosi-nerazzurri-al-francioni\/","title":{"rendered":"Coletta incontra i tifosi nerazzurri al Francioni"},"content":{"rendered":"<div id=\"fb-root\"><\/div>\n<p style=\"text-align: justify;\"><strong><img loading=\"lazy\" decoding=\"async\" class=\"aligncenter size-thumbnail wp-image-195462\" src=\"http:\/\/www.radioluna.it\/news\/wp-content\/uploads\/2017\/07\/coletta-inccontra-i-tifosi-689x517.jpg\" alt=\"\" width=\"689\" height=\"517\" srcset=\"https:\/\/www.radioluna.it\/news\/wp-content\/uploads\/2017\/07\/coletta-inccontra-i-tifosi-689x517.jpg 689w, https:\/\/www.radioluna.it\/news\/wp-content\/uploads\/2017\/07\/coletta-inccontra-i-tifosi-300x225.jpg 300w, https:\/\/www.radioluna.it\/news\/wp-content\/uploads\/2017\/07\/coletta-inccontra-i-tifosi-768x576.jpg 768w, https:\/\/www.radioluna.it\/news\/wp-content\/uploads\/2017\/07\/coletta-inccontra-i-tifosi.jpg 800w\" sizes=\"auto, (max-width: 689px) 100vw, 689px\" \/>LATINA<\/strong> &#8211;\u00a0Il sindaco Damiano Coletta ha incontrato fuori dallo stadio Francioni un gruppo di tifosi nerazzurri per annunciare che Latina avr\u00e0 la sua squadra. Si attende infatti l&#8217;ok del presidente della FIGC Carlo Tavecchio per il trasferimento del Racing Fondi (ex Racing Roma) a Latina. \u201cCi sar\u00e0 una squadra che inizier\u00e0 la stagione qui e si chiamer\u00e0 Latina\u201d, sono state le parole del primo cittadino. Resteranno alla nuova squadra, il nome del capoluogo, i colori nero e azzurro e il leone alato simbolo del club. I giocatori si alleneranno secondo gli accordi almeno tre volte a settimana al Francioni. Il titolo del Racing \u00e8 la Lega Pro. La cordata locale \u00e8 disponibile a supportare il Racing Fondi o, in caso di diniego della Federazione, ad attivare il piano che porterebbe alla creazione di \u00a0una nuova societ\u00e0 per partire dalla serie D.<\/p>\n<div class=\"radio-posizionamento-telefono-in-articoli-dopo-il-contenuto-articolo radio-entity-placement\" id=\"radio-3223894862\"><div id=\"radio-175924619\"><a href=\"https:\/\/www.simeoneceramiche.com\/\" aria-label=\"SIMEONE CERAMICHE GIF animata per radioluna_Tavola disegno 1 copia 2 (online-video-cutter.com)\"><img loading=\"lazy\" decoding=\"async\" src=\"https:\/\/www.radioluna.it\/news\/wp-content\/uploads\/2025\/05\/SIMEONE-CERAMICHE-GIF-animata-per-radioluna_Tavola-disegno-1-copia-2-online-video-cutter.com_.gif\" alt=\"\"  width=\"300\" height=\"250\"   \/><\/a><\/div><\/div>","protected":false},"excerpt":{"rendered":"<p>LATINA &#8211;\u00a0Il sindaco Damiano Coletta ha incontrato fuori dallo stadio Francioni un gruppo di tifosi nerazzurri per annunciare che Latina avr\u00e0 la sua squadra. Si attende infatti l&#8217;ok del presidente della FIGC Carlo Tavecchio per il trasferimento del Racing Fondi (ex Racing Roma) a Latina. \u201cCi sar\u00e0 una squadra che inizier\u00e0 la stagione qui e [&hellip;]<\/p>\n","protected":false},"author":62,"featured_media":195462,"comment_status":"open","ping_status":"closed","sticky":false,"template":"","format":"standard","meta":{"footnotes":""},"categories":[17],"tags":[],"class_list":["post-195461","post","type-post","status-publish","format-standard","has-post-thumbnail","hentry","category-sport"],"_links":{"self":[{"href":"https:\/\/www.radioluna.it\/news\/wp-json\/wp\/v2\/posts\/195461","targetHints":{"allow":["GET"]}}],"collection":[{"href":"https:\/\/www.radioluna.it\/news\/wp-json\/wp\/v2\/posts"}],"about":[{"href":"https:\/\/www.radioluna.it\/news\/wp-json\/wp\/v2\/types\/post"}],"author":[{"embeddable":true,"href":"https:\/\/www.radioluna.it\/news\/wp-json\/wp\/v2\/users\/62"}],"replies":[{"embeddable":true,"href":"https:\/\/www.radioluna.it\/news\/wp-json\/wp\/v2\/comments?post=195461"}],"version-history":[{"count":0,"href":"https:\/\/www.radioluna.it\/news\/wp-json\/wp\/v2\/posts\/195461\/revisions"}],"wp:featuredmedia":[{"embeddable":true,"href":"https:\/\/www.radioluna.it\/news\/wp-json\/wp\/v2\/media\/195462"}],"wp:attachment":[{"href":"https:\/\/www.radioluna.it\/news\/wp-json\/wp\/v2\/media?parent=195461"}],"wp:term":[{"taxonomy":"category","embeddable":true,"href":"https:\/\/www.radioluna.it\/news\/wp-json\/wp\/v2\/categories?post=195461"},{"taxonomy":"post_tag","embeddable":true,"href":"https:\/\/www.radioluna.it\/news\/wp-json\/wp\/v2\/tags?post=195461"}],"curies":[{"name":"wp","href":"https:\/\/api.w.org\/{rel}","templated":true}]}}