{"id":195588,"date":"2017-07-11T13:25:46","date_gmt":"2017-07-11T11:25:46","guid":{"rendered":"http:\/\/www.radioluna.it\/news\/?p=195588"},"modified":"2017-07-12T09:53:21","modified_gmt":"2017-07-12T07:53:21","slug":"ventotene-via-libera-allo-scarico-della-salamoia-a-mare-la-provincia-da-lok-al-dissalatore","status":"publish","type":"post","link":"https:\/\/www.radioluna.it\/news\/2017\/07\/ventotene-via-libera-allo-scarico-della-salamoia-a-mare-la-provincia-da-lok-al-dissalatore\/","title":{"rendered":"Ventotene, via libera allo scarico della salamoia a mare: la Provincia d\u00e0 l&#8217;ok al dissalatore"},"content":{"rendered":"<div id=\"fb-root\"><\/div>\n<p style=\"text-align: justify;\"><strong><img loading=\"lazy\" decoding=\"async\" class=\"aligncenter size-thumbnail wp-image-182770\" src=\"http:\/\/www.radioluna.it\/news\/wp-content\/uploads\/2016\/09\/ventotene-panorama-689x517.jpg\" alt=\"\" width=\"689\" height=\"517\" srcset=\"https:\/\/www.radioluna.it\/news\/wp-content\/uploads\/2016\/09\/ventotene-panorama-689x517.jpg 689w, https:\/\/www.radioluna.it\/news\/wp-content\/uploads\/2016\/09\/ventotene-panorama-300x225.jpg 300w, https:\/\/www.radioluna.it\/news\/wp-content\/uploads\/2016\/09\/ventotene-panorama-768x576.jpg 768w, https:\/\/www.radioluna.it\/news\/wp-content\/uploads\/2016\/09\/ventotene-panorama-800x600.jpg 800w, https:\/\/www.radioluna.it\/news\/wp-content\/uploads\/2016\/09\/ventotene-panorama.jpg 960w\" sizes=\"auto, (max-width: 689px) 100vw, 689px\" \/>VENTOTENE<\/strong> &#8211;\u00a0La Provincia di Latina ha dato il via libera allo scarico nelle acque marine dell&#8217;Isola di Ventotene della salamoia prodotta dal dissalatore installato nell&#8217;area del Porto Nuovo. L&#8217;okey \u00e8 arrivato con atto della dirigente dell&#8217;ente Nicoletta Valle firmato luned\u00ec 10 luglio e pubblicato oggi sull&#8217;Albo pretorio. L&#8217;autorizzazione ha durata di quattro anni nel corso dei quali Acqualatina dovr\u00e0 adempiere ad una serie di obblighi per mantenere l&#8217;impianto in ottimo stato di manutenzione e soprattutto dovr\u00e0 provvedere al monitoraggio dei \u00a0&#8220;reflui&#8221; che altro non sono che il sale estratto dall&#8217;acqua di mare per renderla dolce e dunque utilizzabile nelle case degli isolani. &#8220;L&#8217;atto potr\u00e0 essere revocato &#8211; \u00a0si legge nel documento &#8211; in caso di mutamento della situazione ambientale&#8221;.<\/p>\n<p style=\"text-align: justify;\">L&#8217;autorizzazione \u00a0&#8211; spiega Acqualatina &#8211; \u00e8 stata rilasciata sulla base degli studi realizzati in collaborazione con il dipartimento di Ingegneria idraulica marittima dell&#8217;Universit\u00e0 La Sapienza di Roma, anche sulla scorta delle altre autorizzazioni ambientali rilasciate dalla Regione Lazio. &#8220;Ulteriore conferma della sostenibilit\u00e0 ambientale dell&#8217;intervento&#8221;, assicura il gestore.<\/p>\n<div id=\"attachment_195066\" style=\"width: 310px\" class=\"wp-caption alignleft\"><img loading=\"lazy\" decoding=\"async\" aria-describedby=\"caption-attachment-195066\" class=\"wp-image-195066 size-medium\" src=\"http:\/\/www.radioluna.it\/news\/wp-content\/uploads\/2017\/06\/DISSALATORE-300x169.jpg\" alt=\"\" width=\"300\" height=\"169\" srcset=\"https:\/\/www.radioluna.it\/news\/wp-content\/uploads\/2017\/06\/DISSALATORE-300x169.jpg 300w, https:\/\/www.radioluna.it\/news\/wp-content\/uploads\/2017\/06\/DISSALATORE-689x388.jpg 689w, https:\/\/www.radioluna.it\/news\/wp-content\/uploads\/2017\/06\/DISSALATORE-768x432.jpg 768w, https:\/\/www.radioluna.it\/news\/wp-content\/uploads\/2017\/06\/DISSALATORE-800x450.jpg 800w, https:\/\/www.radioluna.it\/news\/wp-content\/uploads\/2017\/06\/DISSALATORE.jpg 1000w\" sizes=\"auto, (max-width: 300px) 100vw, 300px\" \/><p id=\"caption-attachment-195066\" class=\"wp-caption-text\">Il dissalatore viene scaricato a Ventotene<\/p><\/div>\n<p style=\"text-align: justify;\"><strong>I DUBBI E IL PARERE DELL&#8217;ESPERTO<\/strong> &#8211; Molti dubbi sono stati sollevati sui danni che l&#8217;alta concentrazione di sale potrebbe causare nell&#8217;area Marina Protetta di Ventotene. &#8220;Sicuramente il dissalatore riversa sale in concentrazione inquinante \u00a0&#8211; ci spiega il biologo marino di Latina, Armando Macali -. Essendo la salamoia rilasciata in un punto preciso, ha un effetto negativo sulla fauna e sulla prateria di Posidonia di quell&#8217;area. Ma per dare un giudizio corretto bisogna tenere in considerazione anche il danno che si previene. L&#8217;isola infatti oggi \u00e8 servita di acqua attraverso una nave cisterna che sicuramente inquina, per la sua vetust\u00e0 e per il carburante che consuma&#8221;.<\/p>\n<p style=\"text-align: justify;\">Dunque, pur riconoscendo che nel punto di scarico, la salamoia potrebbe nel tempo &#8220;ridurre la struttura della comunit\u00e0 marina alle sole specie che hanno una maggiore tolleranza, \u00a0bisogna sottolineare che \u00e8 una dinamica solo locale. Peggiore \u00e8, per esempio &#8211; dice Macali &#8211; , il danno che in estate causano le imbarcazioni gettando le \u00e0ncore sulla prateria Posidonia&#8221;. Distruzione che \u00e8 considerata evidentemente un effetto collaterale sopportabile.<\/p>\n<p style=\"text-align: justify;\">&#8220;Se si considera l&#8217;aspetto nel suo complesso &#8211; conclude Macali &#8211; con l&#8217;eliminazione dell&#8217;inquinamento prodotto dalla nave-cisterna e il risparmio economico, si potrebbe dire il dissalatore \u00e8 in ultima analisi una soluzione ecologica. Del resto due veri paradisi subacquei come\u00a0Pantelleria e Lampedusa hanno i dissalatori da tempo&#8221;.<\/p>\n<p style=\"text-align: justify;\">Per il biologo marino, va anche tenuto conto che coincide con i soli due mesi estivi, ed \u00e8 dunque molto ridotto, il periodo in cui l&#8217;impianto dispiegher\u00e0 i suoi effetti massimamente negativi, mentre per il resto dell&#8217;anno il fabbisogno di acqua da dissalare si riduce a quello degli isolani, che sono poche centinaia di persone. In autunno, inverno e primavera la salamoia riversata in mare sar\u00e0 evidentemente poca.<\/p>\n<p style=\"text-align: justify;\">Diverso \u00e8 il caso Formia: &#8220;E&#8217; da studiare per i volumi interessati, qui il dissalatore avrebbe probabilmente un altro tipo di impatto&#8221;.<\/p>\n<p>&nbsp;<\/p>\n<div class=\"radio-posizionamento-telefono-in-articoli-dopo-il-contenuto-articolo radio-entity-placement\" id=\"radio-1542263442\"><div id=\"radio-2417205438\"><a href=\"https:\/\/www.simeoneceramiche.com\/\" aria-label=\"SIMEONE CERAMICHE GIF animata per radioluna_Tavola disegno 1 copia 2 (online-video-cutter.com)\"><img loading=\"lazy\" decoding=\"async\" src=\"https:\/\/www.radioluna.it\/news\/wp-content\/uploads\/2025\/05\/SIMEONE-CERAMICHE-GIF-animata-per-radioluna_Tavola-disegno-1-copia-2-online-video-cutter.com_.gif\" alt=\"\"  width=\"300\" height=\"250\"   \/><\/a><\/div><\/div>","protected":false},"excerpt":{"rendered":"<p>VENTOTENE &#8211;\u00a0La Provincia di Latina ha dato il via libera allo scarico nelle acque marine dell&#8217;Isola di Ventotene della salamoia prodotta dal dissalatore installato nell&#8217;area del Porto Nuovo. L&#8217;okey \u00e8 arrivato con atto della dirigente dell&#8217;ente Nicoletta Valle firmato luned\u00ec 10 luglio e pubblicato oggi sull&#8217;Albo pretorio. L&#8217;autorizzazione ha durata di quattro anni nel corso [&hellip;]<\/p>\n","protected":false},"author":62,"featured_media":182770,"comment_status":"open","ping_status":"closed","sticky":false,"template":"","format":"standard","meta":{"footnotes":""},"categories":[12],"tags":[],"class_list":["post-195588","post","type-post","status-publish","format-standard","has-post-thumbnail","hentry","category-ambiente"],"_links":{"self":[{"href":"https:\/\/www.radioluna.it\/news\/wp-json\/wp\/v2\/posts\/195588","targetHints":{"allow":["GET"]}}],"collection":[{"href":"https:\/\/www.radioluna.it\/news\/wp-json\/wp\/v2\/posts"}],"about":[{"href":"https:\/\/www.radioluna.it\/news\/wp-json\/wp\/v2\/types\/post"}],"author":[{"embeddable":true,"href":"https:\/\/www.radioluna.it\/news\/wp-json\/wp\/v2\/users\/62"}],"replies":[{"embeddable":true,"href":"https:\/\/www.radioluna.it\/news\/wp-json\/wp\/v2\/comments?post=195588"}],"version-history":[{"count":0,"href":"https:\/\/www.radioluna.it\/news\/wp-json\/wp\/v2\/posts\/195588\/revisions"}],"wp:featuredmedia":[{"embeddable":true,"href":"https:\/\/www.radioluna.it\/news\/wp-json\/wp\/v2\/media\/182770"}],"wp:attachment":[{"href":"https:\/\/www.radioluna.it\/news\/wp-json\/wp\/v2\/media?parent=195588"}],"wp:term":[{"taxonomy":"category","embeddable":true,"href":"https:\/\/www.radioluna.it\/news\/wp-json\/wp\/v2\/categories?post=195588"},{"taxonomy":"post_tag","embeddable":true,"href":"https:\/\/www.radioluna.it\/news\/wp-json\/wp\/v2\/tags?post=195588"}],"curies":[{"name":"wp","href":"https:\/\/api.w.org\/{rel}","templated":true}]}}