{"id":197425,"date":"2017-09-09T13:15:24","date_gmt":"2017-09-09T11:15:24","guid":{"rendered":"http:\/\/www.radioluna.it\/news\/?p=197425"},"modified":"2017-09-09T17:39:23","modified_gmt":"2017-09-09T15:39:23","slug":"incendio-a-selva-piana-nel-parco-nazionale-del-circeo","status":"publish","type":"post","link":"https:\/\/www.radioluna.it\/news\/2017\/09\/incendio-a-selva-piana-nel-parco-nazionale-del-circeo\/","title":{"rendered":"Incendio a Selva Piana nel Parco nazionale del Circeo"},"content":{"rendered":"<div id=\"fb-root\"><\/div>\n<p><iframe loading=\"lazy\" title=\"Luna Notizie - Incendio Selva Piana\" width=\"740\" height=\"416\" src=\"https:\/\/www.youtube.com\/embed\/LMhSyaN0X0Q?feature=oembed\" frameborder=\"0\" allow=\"accelerometer; autoplay; clipboard-write; encrypted-media; gyroscope; picture-in-picture; web-share\" referrerpolicy=\"strict-origin-when-cross-origin\" allowfullscreen><\/iframe><\/p>\n<p style=\"text-align: justify;\"><strong>SAN FELICE CIRCEO<\/strong> &#8211; Un incendio di vaste proporzioni si \u00e8 sviluppato nella tarda mattinata \u00a0di oggi in un&#8217;area del Parco Nazionale del Circeo. Il rogo sta bruciando la macchia mediterranea in localit\u00e0 Selva Piana sulla strada che porta a Sabaudia ed \u00e8 ben visibile anche dalla Citt\u00e0 del Parco. Nella zona si trova anche un centro di riabilitazione. Sul posto la 14 a il Dos dei Vvf. L&#8217;operazione \u00e8 in corso anche con l&#8217;ausilio della protezione civile locale e dei carabinieri forestali.<\/p>\n<p>&nbsp;<\/p>\n<div class=\"radio-posizionamento-telefono-in-articoli-dopo-il-contenuto-articolo radio-entity-placement\" id=\"radio-4060960484\"><div id=\"radio-1909341570\"><a href=\"https:\/\/grupporedi.it\/\" aria-label=\"Redi-Qr\"><img loading=\"lazy\" decoding=\"async\" src=\"https:\/\/www.radioluna.it\/news\/wp-content\/uploads\/2026\/03\/Redi-Qr.jpg\" alt=\"\"  srcset=\"https:\/\/www.radioluna.it\/news\/wp-content\/uploads\/2026\/03\/Redi-Qr.jpg 800w, https:\/\/www.radioluna.it\/news\/wp-content\/uploads\/2026\/03\/Redi-Qr-768x639.jpg 768w\" sizes=\"(max-width: 800px) 100vw, 800px\" width=\"300\" height=\"250\"   \/><\/a><\/div><\/div>","protected":false},"excerpt":{"rendered":"<p>SAN FELICE CIRCEO &#8211; Un incendio di vaste proporzioni si \u00e8 sviluppato nella tarda mattinata \u00a0di oggi in un&#8217;area del Parco Nazionale del Circeo. Il rogo sta bruciando la macchia mediterranea in localit\u00e0 Selva Piana sulla strada che porta a Sabaudia ed \u00e8 ben visibile anche dalla Citt\u00e0 del Parco. Nella zona si trova anche [&hellip;]<\/p>\n","protected":false},"author":62,"featured_media":197427,"comment_status":"open","ping_status":"closed","sticky":false,"template":"","format":"standard","meta":{"footnotes":""},"categories":[7,2312],"tags":[],"class_list":["post-197425","post","type-post","status-publish","format-standard","has-post-thumbnail","hentry","category-cronaca","category-video"],"_links":{"self":[{"href":"https:\/\/www.radioluna.it\/news\/wp-json\/wp\/v2\/posts\/197425","targetHints":{"allow":["GET"]}}],"collection":[{"href":"https:\/\/www.radioluna.it\/news\/wp-json\/wp\/v2\/posts"}],"about":[{"href":"https:\/\/www.radioluna.it\/news\/wp-json\/wp\/v2\/types\/post"}],"author":[{"embeddable":true,"href":"https:\/\/www.radioluna.it\/news\/wp-json\/wp\/v2\/users\/62"}],"replies":[{"embeddable":true,"href":"https:\/\/www.radioluna.it\/news\/wp-json\/wp\/v2\/comments?post=197425"}],"version-history":[{"count":0,"href":"https:\/\/www.radioluna.it\/news\/wp-json\/wp\/v2\/posts\/197425\/revisions"}],"wp:featuredmedia":[{"embeddable":true,"href":"https:\/\/www.radioluna.it\/news\/wp-json\/wp\/v2\/media\/197427"}],"wp:attachment":[{"href":"https:\/\/www.radioluna.it\/news\/wp-json\/wp\/v2\/media?parent=197425"}],"wp:term":[{"taxonomy":"category","embeddable":true,"href":"https:\/\/www.radioluna.it\/news\/wp-json\/wp\/v2\/categories?post=197425"},{"taxonomy":"post_tag","embeddable":true,"href":"https:\/\/www.radioluna.it\/news\/wp-json\/wp\/v2\/tags?post=197425"}],"curies":[{"name":"wp","href":"https:\/\/api.w.org\/{rel}","templated":true}]}}