{"id":197429,"date":"2017-09-09T13:33:11","date_gmt":"2017-09-09T11:33:11","guid":{"rendered":"http:\/\/www.radioluna.it\/news\/?p=197429"},"modified":"2017-09-09T13:36:17","modified_gmt":"2017-09-09T11:36:17","slug":"fila-alla-feltrinelli-di-latina-per-il-rapper-mostro","status":"publish","type":"post","link":"https:\/\/www.radioluna.it\/news\/2017\/09\/fila-alla-feltrinelli-di-latina-per-il-rapper-mostro\/","title":{"rendered":"Fila alla Feltrinelli di Latina per il rapper Mostro"},"content":{"rendered":"<div id=\"fb-root\"><\/div>\n<p style=\"text-align: justify;\"><img loading=\"lazy\" decoding=\"async\" class=\"aligncenter size-thumbnail wp-image-197430\" src=\"http:\/\/www.radioluna.it\/news\/wp-content\/uploads\/2017\/09\/fila-per-mostro-689x331.jpg\" alt=\"\" width=\"689\" height=\"331\" srcset=\"https:\/\/www.radioluna.it\/news\/wp-content\/uploads\/2017\/09\/fila-per-mostro-689x331.jpg 689w, https:\/\/www.radioluna.it\/news\/wp-content\/uploads\/2017\/09\/fila-per-mostro-300x144.jpg 300w, https:\/\/www.radioluna.it\/news\/wp-content\/uploads\/2017\/09\/fila-per-mostro-768x369.jpg 768w, https:\/\/www.radioluna.it\/news\/wp-content\/uploads\/2017\/09\/fila-per-mostro-800x384.jpg 800w, https:\/\/www.radioluna.it\/news\/wp-content\/uploads\/2017\/09\/fila-per-mostro.jpg 960w\" sizes=\"auto, (max-width: 689px) 100vw, 689px\" \/><strong>LATINA<\/strong> &#8211;\u00a0Il rapper romano Mostro, alias Giorgio Ferrario, \u00e8 atteso alla Feltrinelli di Latina per il firmacopie (dalle 15 alle 17). Lo testimoniano decine e decine di giovani in ordinata fila in Via Diaz per assicurarsi l&#8217;autografo sull&#8217;ultimo cd dal titolo Ogni Maledetto Giorno, uscito il primo settembre e gi\u00e0 in vetta della hit parade degli album pi\u00f9 venduti in Italia. Il disco dai toni cupi \u00e8 considerato &#8220;una prova di maturit\u00e0&#8217; lirica e tecnica dell&#8217;artista classe 1992&#8221;.<\/p>\n<div class=\"radio-posizionamento-telefono-in-articoli-dopo-il-contenuto-articolo radio-entity-placement\" id=\"radio-176299311\"><div id=\"radio-3162023516\"><a href=\"https:\/\/grupporedi.it\/\" aria-label=\"Redi-Qr\"><img loading=\"lazy\" decoding=\"async\" src=\"https:\/\/www.radioluna.it\/news\/wp-content\/uploads\/2026\/03\/Redi-Qr.jpg\" alt=\"\"  srcset=\"https:\/\/www.radioluna.it\/news\/wp-content\/uploads\/2026\/03\/Redi-Qr.jpg 800w, https:\/\/www.radioluna.it\/news\/wp-content\/uploads\/2026\/03\/Redi-Qr-768x639.jpg 768w\" sizes=\"(max-width: 800px) 100vw, 800px\" width=\"300\" height=\"250\"   \/><\/a><\/div><\/div>","protected":false},"excerpt":{"rendered":"<p>LATINA &#8211;\u00a0Il rapper romano Mostro, alias Giorgio Ferrario, \u00e8 atteso alla Feltrinelli di Latina per il firmacopie (dalle 15 alle 17). Lo testimoniano decine e decine di giovani in ordinata fila in Via Diaz per assicurarsi l&#8217;autografo sull&#8217;ultimo cd dal titolo Ogni Maledetto Giorno, uscito il primo settembre e gi\u00e0 in vetta della hit parade [&hellip;]<\/p>\n","protected":false},"author":62,"featured_media":197430,"comment_status":"open","ping_status":"closed","sticky":false,"template":"","format":"standard","meta":{"footnotes":""},"categories":[16],"tags":[],"class_list":["post-197429","post","type-post","status-publish","format-standard","has-post-thumbnail","hentry","category-appuntamenti"],"_links":{"self":[{"href":"https:\/\/www.radioluna.it\/news\/wp-json\/wp\/v2\/posts\/197429","targetHints":{"allow":["GET"]}}],"collection":[{"href":"https:\/\/www.radioluna.it\/news\/wp-json\/wp\/v2\/posts"}],"about":[{"href":"https:\/\/www.radioluna.it\/news\/wp-json\/wp\/v2\/types\/post"}],"author":[{"embeddable":true,"href":"https:\/\/www.radioluna.it\/news\/wp-json\/wp\/v2\/users\/62"}],"replies":[{"embeddable":true,"href":"https:\/\/www.radioluna.it\/news\/wp-json\/wp\/v2\/comments?post=197429"}],"version-history":[{"count":0,"href":"https:\/\/www.radioluna.it\/news\/wp-json\/wp\/v2\/posts\/197429\/revisions"}],"wp:featuredmedia":[{"embeddable":true,"href":"https:\/\/www.radioluna.it\/news\/wp-json\/wp\/v2\/media\/197430"}],"wp:attachment":[{"href":"https:\/\/www.radioluna.it\/news\/wp-json\/wp\/v2\/media?parent=197429"}],"wp:term":[{"taxonomy":"category","embeddable":true,"href":"https:\/\/www.radioluna.it\/news\/wp-json\/wp\/v2\/categories?post=197429"},{"taxonomy":"post_tag","embeddable":true,"href":"https:\/\/www.radioluna.it\/news\/wp-json\/wp\/v2\/tags?post=197429"}],"curies":[{"name":"wp","href":"https:\/\/api.w.org\/{rel}","templated":true}]}}