{"id":197438,"date":"2017-09-10T11:41:56","date_gmt":"2017-09-10T09:41:56","guid":{"rendered":"http:\/\/www.radioluna.it\/news\/?p=197438"},"modified":"2020-07-21T08:38:17","modified_gmt":"2020-07-21T06:38:17","slug":"il-vento-strappa-il-tricolore-sula-torre-comunale-di-latina","status":"publish","type":"post","link":"https:\/\/www.radioluna.it\/news\/2017\/09\/il-vento-strappa-il-tricolore-sula-torre-comunale-di-latina\/","title":{"rendered":"Il vento strappa il tricolore sulla Torre comunale di Latina"},"content":{"rendered":"<div id=\"fb-root\"><\/div>\n<p style=\"text-align: justify;\"><strong>LATINA<\/strong> &#8211;\u00a0 Il miglior strumento per misurare la forza del vento a Latina \u00e8 la bandiera che sventola sulla torre comunale. Oggi pi\u00f9 che un tricolore \u00e8 monocolore. Sulla torre di Piazza del Popolo batte bandiera verde. C&#8217;\u00e8 da dire che \u00e8 durata davvero poco, i vigili del fuoco, con un&#8217;operazione non semplice, che trovate documentata in questo sito, l&#8217;hanno sostituita a primavera. Tutto da rifare.<\/p>\n<p style=\"text-align: justify;\">&#8221; La sostituzione del vessillo avverr\u00e0 nei prossimi giorni &#8211; avvertono dal Comune &#8211; . Per motivi di sicurezza l\u2019intervento non pu\u00f2 essere effettuato in autonomia dal personale amministrativo, ma \u00e8 necessario il supporto dei Vigili del Fuoco che opereranno non appena le condizioni meteorologiche lo consentiranno&#8221;.<\/p>\n<p>&nbsp;<\/p>\n<div class=\"radio-posizionamento-telefono-in-articoli-dopo-il-contenuto-articolo radio-entity-placement\" id=\"radio-3158417345\"><div id=\"radio-3630664250\"><a href=\"https:\/\/www.simeoneceramiche.com\/\" aria-label=\"SIMEONE CERAMICHE GIF animata per radioluna_Tavola disegno 1 copia 2 (online-video-cutter.com)\"><img loading=\"lazy\" decoding=\"async\" src=\"https:\/\/www.radioluna.it\/news\/wp-content\/uploads\/2025\/05\/SIMEONE-CERAMICHE-GIF-animata-per-radioluna_Tavola-disegno-1-copia-2-online-video-cutter.com_.gif\" alt=\"\"  width=\"300\" height=\"250\"   \/><\/a><\/div><\/div>","protected":false},"excerpt":{"rendered":"<p>LATINA &#8211;\u00a0 Il miglior strumento per misurare la forza del vento a Latina \u00e8 la bandiera che sventola sulla torre comunale. Oggi pi\u00f9 che un tricolore \u00e8 monocolore. Sulla torre di Piazza del Popolo batte bandiera verde. C&#8217;\u00e8 da dire che \u00e8 durata davvero poco, i vigili del fuoco, con un&#8217;operazione non semplice, che trovate [&hellip;]<\/p>\n","protected":false},"author":62,"featured_media":197448,"comment_status":"open","ping_status":"closed","sticky":false,"template":"","format":"standard","meta":{"footnotes":""},"categories":[7],"tags":[],"class_list":["post-197438","post","type-post","status-publish","format-standard","has-post-thumbnail","hentry","category-cronaca"],"_links":{"self":[{"href":"https:\/\/www.radioluna.it\/news\/wp-json\/wp\/v2\/posts\/197438","targetHints":{"allow":["GET"]}}],"collection":[{"href":"https:\/\/www.radioluna.it\/news\/wp-json\/wp\/v2\/posts"}],"about":[{"href":"https:\/\/www.radioluna.it\/news\/wp-json\/wp\/v2\/types\/post"}],"author":[{"embeddable":true,"href":"https:\/\/www.radioluna.it\/news\/wp-json\/wp\/v2\/users\/62"}],"replies":[{"embeddable":true,"href":"https:\/\/www.radioluna.it\/news\/wp-json\/wp\/v2\/comments?post=197438"}],"version-history":[{"count":0,"href":"https:\/\/www.radioluna.it\/news\/wp-json\/wp\/v2\/posts\/197438\/revisions"}],"wp:featuredmedia":[{"embeddable":true,"href":"https:\/\/www.radioluna.it\/news\/wp-json\/wp\/v2\/media\/197448"}],"wp:attachment":[{"href":"https:\/\/www.radioluna.it\/news\/wp-json\/wp\/v2\/media?parent=197438"}],"wp:term":[{"taxonomy":"category","embeddable":true,"href":"https:\/\/www.radioluna.it\/news\/wp-json\/wp\/v2\/categories?post=197438"},{"taxonomy":"post_tag","embeddable":true,"href":"https:\/\/www.radioluna.it\/news\/wp-json\/wp\/v2\/tags?post=197438"}],"curies":[{"name":"wp","href":"https:\/\/api.w.org\/{rel}","templated":true}]}}