{"id":197473,"date":"2017-09-11T12:30:30","date_gmt":"2017-09-11T10:30:30","guid":{"rendered":"http:\/\/www.radioluna.it\/news\/?p=197473"},"modified":"2017-09-11T12:30:30","modified_gmt":"2017-09-11T10:30:30","slug":"tornano-a-terracina-le-frecce-tricolori","status":"publish","type":"post","link":"https:\/\/www.radioluna.it\/news\/2017\/09\/tornano-a-terracina-le-frecce-tricolori\/","title":{"rendered":"Tornano a Terracina le Frecce Tricolori"},"content":{"rendered":"<div id=\"fb-root\"><\/div>\n<p style=\"text-align: justify;\"><strong><img loading=\"lazy\" decoding=\"async\" class=\"aligncenter size-thumbnail wp-image-197474\" src=\"http:\/\/www.radioluna.it\/news\/wp-content\/uploads\/2017\/09\/air-show-689x672.jpg\" alt=\"\" width=\"689\" height=\"672\" srcset=\"https:\/\/www.radioluna.it\/news\/wp-content\/uploads\/2017\/09\/air-show-689x672.jpg 689w, https:\/\/www.radioluna.it\/news\/wp-content\/uploads\/2017\/09\/air-show-300x293.jpg 300w, https:\/\/www.radioluna.it\/news\/wp-content\/uploads\/2017\/09\/air-show-768x750.jpg 768w, https:\/\/www.radioluna.it\/news\/wp-content\/uploads\/2017\/09\/air-show-50x50.jpg 50w, https:\/\/www.radioluna.it\/news\/wp-content\/uploads\/2017\/09\/air-show-800x781.jpg 800w, https:\/\/www.radioluna.it\/news\/wp-content\/uploads\/2017\/09\/air-show.jpg 1000w\" sizes=\"auto, (max-width: 689px) 100vw, 689px\" \/>TERRACINA<\/strong> &#8211; Le Frecce Tricolori torneranno a Terracina con\u00a0\u00a0le loro coreografie aeree. Come lo scorso anno, i piloti della Pattuglia acrobatica dell&#8217;Aeronautica Militare del 313\u00b0 Gruppo Addestramento che tutto il mondo ammira all&#8217;Italia, coloreranno il cielo con i colori della bandiera. L&#8217;appuntamento \u00e8 per il 24 settembre, ma gli eventi legati \u00a0alla\u00a0tappa pontina dell\u2019Air Show (una delle venti organizzate in Italia e Europa) cominceranno da gioved\u00ec 21 settembre.<\/p>\n<p>Musica, \u00a0danza, moda, e altro ancora prepareranno la strada allo show domenicale delle Frecce.\u00a0\u00a0Il quartier generale sar\u00e0 sul litorale dove saranno installate due grandi aree espositive: il Villaggio Azzurro, nel Piazzale Aldo Moro, e il Villaggio Tricolore presso la XXIV traversa del lungomare di Terracina (direzione nord).<\/p>\n<p>La manifestazione promossa dalla J-events ha il patrocinio del Comune di Terracina, della Provincia di Latina e della la Confcommercio Lazio Sud<\/p>\n<p><strong>IL PROGRAMMA<\/strong><\/p>\n<p style=\"text-align: justify;\">A dare il via all\u2019Air Show Terracina 2017 sar\u00e0 l\u2019inaugurazione del Villaggio Tricolore fissata per gioved\u00ec 21 settembre, alle 18, presso la XXIV traversa: un\u2019area espositiva con 50 stand dove si svolgeranno gran parte degli eventi in programma; a seguire, alle 21:00, la Rino Gerard Band riporter\u00e0 la citt\u00e0 indietro nel tempo, negli anni \u201970, con il concerto \u201cIl cielo \u00e8 sempre pi\u00f9 blu\u201d.<\/p>\n<p style=\"text-align: justify;\">Venerd\u00ec, 22 settembre, alle 15:30, presso l\u2019Area hospitality del \u201cPiccolo Lido\u201d, il sindaco del Comune di Terracina, Nicola Procaccini, il Presidente dell\u2019Aero Club Latina, Giovanni Maria Savaresi, il Direttore della Manifestazione Oreste Martini, gli organizzatori dell\u2019Air Show Terracina 2017, Fabio Minutillo e Marcela Avduramani, e i Comandanti\/Responsabili degli aeromobili e pattuglie presenti in volo, tra cui le Frecce Tricolori terranno una conferenza stampa di presentazione dell\u2019evento.<\/p>\n<p style=\"text-align: justify;\">Alle 17:30 la Crew \u201cLocoJungle\u201d e la Compagnia \u201cTra Sogno e Realt\u00e0\u201d di Marta Lombardi si sfideranno a passi di danza nello spettacolo \u201cThe street dance Army\u201d; a seguire, a partire dalle 18:30, il Villaggio Tricolore ospiter\u00e0 la gara di \u201cFreccette\u201d Tricolori.<\/p>\n<p>Alle 21 saranno lo stile, l\u2019eleganza e la creativit\u00e0 a fare da protagoniste in un vero inno al glamour in riva al mare: sul Red Carpet di Terracina sfileranno le stoffe pregiate e i dettagli curatissimi di Alta Moda donna.<\/p>\n<p>La giornata si concluder\u00e0 con un evento all\u2019insegna della musica e del divertimento organizzato presso La Rotonda a Beach in programma alle ore 23.<\/p>\n<p style=\"text-align: justify;\">Sabato 23 settembre, alle 10:30, presso il Palazzo della Bonificazione Pontina, si terr\u00e0 il convegno \u201cL\u2019evoluzione dell\u2019Aviazione Militare\u2026formazione volo, misure di sicurezza e aiuti umanitari\u201d; in contemporanea, alle 11, le scuole primarie di Terracina faranno fluttuare nel cielo del litorale Circe gli aquiloni colorati dando vita ad affascinanti giochi di luce e di colore.<\/p>\n<p style=\"text-align: justify;\">Nel pomeriggio, a partire dalle 15:00, i velivoli dei vari reparti dell\u2019Aeronautica \u2013 SAR (Search and Rescue), RSV (Gruppo\/Reparto Sperimentale Volo) e PAN (Pattuglia Aeronautica Nazionale) \u2013 sorvoleranno la citt\u00e0 di Terracina per le prove generali. Appuntamento alle 21, poi, per una serata targata divertimento: il Villaggio Tricolore sar\u00e0 il palcoscenico di un goliardico spettacolo di Cabaret che allieter\u00e0 la folla prima dell\u2019evento \u201cLa notte vola\u201d all\u2019insegna della musica \u201970-\u201980-\u201990 presso il Coral Beach Club, a partire dalle 23.<\/p>\n<p style=\"text-align: justify;\"><strong>DOMENICA 24<\/strong> settembre: alle 15 i piloti della PAN si esibiranno dello show delle Frecce Tricolori che \u00a0&#8211; dicono gli organizzatori &#8211; cinger\u00e0 la citt\u00e0 con il Tricolore pi\u00f9 grande del mondo.<\/p>\n<p style=\"text-align: justify;\">La manifestazione proseguir\u00e0 alle 20:30, con lo show pirotecnico \u201cFireworks in the Air\u201d: un suggestivo gioco di luci e rumori al chiaro di luna che terr\u00e0 i migliaia di presenti con gli occhi puntati al cielo.<\/p>\n<p style=\"text-align: justify;\">A chiudere l\u2019Air Show Terracina 2017 sar\u00e0 il concerto dei Fillmore \u201cOne More 90\u2019s\u201d.<\/p>\n<p>&nbsp;<\/p>\n<div class=\"radio-posizionamento-telefono-in-articoli-dopo-il-contenuto-articolo radio-entity-placement\" id=\"radio-1707066149\"><div id=\"radio-2792813152\"><a href=\"https:\/\/www.simeoneceramiche.com\/\" aria-label=\"SIMEONE CERAMICHE GIF animata per radioluna_Tavola disegno 1 copia 2 (online-video-cutter.com)\"><img loading=\"lazy\" decoding=\"async\" src=\"https:\/\/www.radioluna.it\/news\/wp-content\/uploads\/2025\/05\/SIMEONE-CERAMICHE-GIF-animata-per-radioluna_Tavola-disegno-1-copia-2-online-video-cutter.com_.gif\" alt=\"\"  width=\"300\" height=\"250\"   \/><\/a><\/div><\/div>","protected":false},"excerpt":{"rendered":"<p>TERRACINA &#8211; Le Frecce Tricolori torneranno a Terracina con\u00a0\u00a0le loro coreografie aeree. Come lo scorso anno, i piloti della Pattuglia acrobatica dell&#8217;Aeronautica Militare del 313\u00b0 Gruppo Addestramento che tutto il mondo ammira all&#8217;Italia, coloreranno il cielo con i colori della bandiera. L&#8217;appuntamento \u00e8 per il 24 settembre, ma gli eventi legati \u00a0alla\u00a0tappa pontina dell\u2019Air Show [&hellip;]<\/p>\n","protected":false},"author":62,"featured_media":197474,"comment_status":"open","ping_status":"closed","sticky":false,"template":"","format":"standard","meta":{"footnotes":""},"categories":[16],"tags":[],"class_list":["post-197473","post","type-post","status-publish","format-standard","has-post-thumbnail","hentry","category-appuntamenti"],"_links":{"self":[{"href":"https:\/\/www.radioluna.it\/news\/wp-json\/wp\/v2\/posts\/197473","targetHints":{"allow":["GET"]}}],"collection":[{"href":"https:\/\/www.radioluna.it\/news\/wp-json\/wp\/v2\/posts"}],"about":[{"href":"https:\/\/www.radioluna.it\/news\/wp-json\/wp\/v2\/types\/post"}],"author":[{"embeddable":true,"href":"https:\/\/www.radioluna.it\/news\/wp-json\/wp\/v2\/users\/62"}],"replies":[{"embeddable":true,"href":"https:\/\/www.radioluna.it\/news\/wp-json\/wp\/v2\/comments?post=197473"}],"version-history":[{"count":0,"href":"https:\/\/www.radioluna.it\/news\/wp-json\/wp\/v2\/posts\/197473\/revisions"}],"wp:featuredmedia":[{"embeddable":true,"href":"https:\/\/www.radioluna.it\/news\/wp-json\/wp\/v2\/media\/197474"}],"wp:attachment":[{"href":"https:\/\/www.radioluna.it\/news\/wp-json\/wp\/v2\/media?parent=197473"}],"wp:term":[{"taxonomy":"category","embeddable":true,"href":"https:\/\/www.radioluna.it\/news\/wp-json\/wp\/v2\/categories?post=197473"},{"taxonomy":"post_tag","embeddable":true,"href":"https:\/\/www.radioluna.it\/news\/wp-json\/wp\/v2\/tags?post=197473"}],"curies":[{"name":"wp","href":"https:\/\/api.w.org\/{rel}","templated":true}]}}