{"id":197965,"date":"2017-09-25T09:45:39","date_gmt":"2017-09-25T07:45:39","guid":{"rendered":"http:\/\/www.radioluna.it\/news\/?p=197965"},"modified":"2017-09-26T10:05:38","modified_gmt":"2017-09-26T08:05:38","slug":"caccia-precipitato-a-terracina-due-inchieste-per-capire-come-e-morto-il-capitano-gabriele-orlandi","status":"publish","type":"post","link":"https:\/\/www.radioluna.it\/news\/2017\/09\/caccia-precipitato-a-terracina-due-inchieste-per-capire-come-e-morto-il-capitano-gabriele-orlandi\/","title":{"rendered":"Caccia precipitato a Terracina, due inchieste per capire come \u00e8 morto il Capitano Gabriele Orlandi"},"content":{"rendered":"<div id=\"fb-root\"><\/div>\n<p>https:\/\/youtu.be\/lIQA_xDkU18<\/p>\n<p style=\"text-align: justify;\"><strong>TERRACINA<\/strong> &#8211; \u00a0Resteranno impresse per sempre negli occhi di tantissime persone le immagini di quel tragico impatto con il mare. Il caccia militare che vola nel cielo di Terracina pochi minuti prima delle 17, segu\u00ecto nelle sue evoluzioni da centomila occhi: &#8220;Guarda, \u00e8 solo un puntino&#8221;, dice una donna indicando il cielo (nel video che abbiamo pubblicato) mentre guarda ammirata le evoluzioni. Poi la picchiata a 800 kmh, e la colonna d&#8217;acqua che si alza. &#8220;Noo! &#8211; gridano i presenti &#8211; ma che ha fatto?&#8221;. Sono i momenti pi\u00f9 tragici, qualcuno piange, c&#8217;\u00e8 chi si abbraccia per farsi coraggio, chi si mette le mani tra i capelli. Da qualche parte, nella tribuna riservata alla stessa scena assistono la compagna e i genitori del pilota. Capiscono subito che non ci sono speranze.<\/p>\n<p style=\"text-align: justify;\"><img loading=\"lazy\" decoding=\"async\" class=\"size-full wp-image-197975 alignleft\" src=\"http:\/\/www.radioluna.it\/news\/wp-content\/uploads\/2017\/09\/il-pilota.jpg\" alt=\"\" width=\"548\" height=\"552\" srcset=\"https:\/\/www.radioluna.it\/news\/wp-content\/uploads\/2017\/09\/il-pilota.jpg 548w, https:\/\/www.radioluna.it\/news\/wp-content\/uploads\/2017\/09\/il-pilota-298x300.jpg 298w, https:\/\/www.radioluna.it\/news\/wp-content\/uploads\/2017\/09\/il-pilota-500x504.jpg 500w, https:\/\/www.radioluna.it\/news\/wp-content\/uploads\/2017\/09\/il-pilota-150x150.jpg 150w, https:\/\/www.radioluna.it\/news\/wp-content\/uploads\/2017\/09\/il-pilota-50x50.jpg 50w\" sizes=\"auto, (max-width: 548px) 100vw, 548px\" \/>E&#8217; morto cos\u00ec domenica 24 settembre \u00a0il Capitano \u00a0Gabriele Orlandi, 36 anni,\u00a0\u00a0ai comandi dell&#8217;Eurofighter Typhoon del Reparto Sperimentale di volo dell&#8217;Aeronautica Militare.<\/p>\n<p style=\"text-align: justify;\">Aveva due lauree e sognava di entrare nella Pam, la pattuglia acrobatica. Il velivolo nell&#8217;impatto con il mare si \u00e8 letteralmente disintegrato. L&#8217;imbarcazione pi\u00f9 vicina al punto di impatto era una motovedetta della Guardia di Finanza che effettuava \u00a0servizio d&#8217;ordine nello specchio d&#8217;acqua davanti alla citt\u00e0. E sono stati proprio i militari a bordo di quell&#8217;imbarcazione a vedere per primi i resti del pilota.<\/p>\n<p style=\"text-align: justify;\">Quando si \u00e8 verificato lo schianto l&#8217;ufficiale ai comandi di un Eufighter stava concludendo il suo programma di volo. Il resto lo stabiliranno gli accertamenti tecnici.<\/p>\n<p style=\"text-align: justify;\"><strong>LE INCHIESTE<\/strong> &#8211; Sull&#8217;incidente \u00a0sono state aperte due inchieste, quella della Procura della Repubblica di Latina con il pm Gregorio Capasso che ha disposto il sequestro dei resti del velivolo, e una della Procura Militare. Inoltre &#8220;l&#8217;Aeronautica Militare ha attivato le procedure per accertare le cause dell&#8217;incidente&#8221;, si legge in una nota. Si cerca la scatola nera e l&#8217;apparecchio che registra le comunicazione aereo-base. Domani sar\u00e0 affidato anche l&#8217;incarico per l&#8217;autopsia sui resti di Orlandi.<\/p>\n<p style=\"text-align: justify;\">Solo ipotesi al momento quelle a disposizione degli inquirenti: non \u00e8 escluso un malore momentaneo del pilota, suggerito da quella discesa &#8220;a fuso&#8221;, \u00a0come pure un malfunzionamento della strumentazione di bordo che ha impedito al capitano Orlandi di effettuare correttamente la manovra nella fase finale del suo programma di volo. Prematuro avventurarsi in ricostruzioni per il momento.<\/p>\n<p style=\"text-align: justify;\">Sul sito ufficiale del Corpo campeggia sullo stemma, il simbolo del lutto e il cordoglio alla famiglia del pilota.\u00a0Il Ministro della Difesa, Senatrice Roberta Pinotti ed il Capo di Stato Maggiore della Difesa, Generale Claudio Graziano si uniscono al Capo di Stato Maggiore dell&#8217;Aeronautica Militare, Generale di Squadra Aerea Enzo Vecciarelli nell&#8217;esprimere vicinanza e cordoglio alla famiglia ed alle persone pi\u00f9 care e vicine al giovane pilota.<\/p>\n<p style=\"text-align: justify;\"><strong>LUTTO A TERRACINA<\/strong> &#8211; Per Terracina dove \u00a0essere una festa, \u00e8 stata una giornata tragica e il sindaco Nicola Procaccini annuncia &#8220;Ricorderemo come un fratello il pilota&#8221;. \u00a0&#8220;La Citt\u00e0 di Terracina si stri<span class=\"text_exposed_show\">nge intorno alla famiglia del Capitano Orlandi e all&#8217;Aeronautica Militare Italiana per la tragedia che li ha colpiti.\u00a0<\/span>A nome di tutti i terracinesi &#8211; scrive il primo cittadino in una nota &#8211; mi permetto di affermare che oggi pi\u00f9 che mai ci sentiamo davvero fratelli e sorelle, uniti nello stesso sentimento di enorme dolore.Questo dramma &#8211; prosegue il primo cittadino &#8211; ci fa comprendere quale sia l&#8217;elevatissimo rischio che quotidianamente i piloti dell&#8217;Aeronautica corrono in ogni tipo di missione per proteggere i nostri cieli e la nostra libert\u00e0. Oggi doveva essere una giornata di festa, ma si \u00e8 trasformata in qualcosa di terribilmente diverso. In questa prova cos\u00ec difficile per tutti, desidero ringraziare le forze dell&#8217;ordine, la polizia municipale e tutti i numerosissimi volontari che hanno garantito un sereno deflusso dalla manifestazione nonostante la situazione imprevedibile e assai complessa&#8221;, conclude Procaccini.<\/p>\n<p>Di seguito la ripresa dell&#8217;incidente da un&#8217;altra angolazione<\/p>\n<p>https:\/\/youtu.be\/IUdlV5hR950<\/p>\n<p>&nbsp;<\/p>\n<div class=\"radio-posizionamento-telefono-in-articoli-dopo-il-contenuto-articolo radio-entity-placement\" id=\"radio-2222996392\"><div id=\"radio-1389590572\" style=\"width: 300px;height: 250px;\"><a href=\"https:\/\/www.icarspa.it\/auto\/usate\/latina\/\" aria-label=\"banner aprile icar new life &#8211; auto usate latina\"><img loading=\"lazy\" decoding=\"async\" src=\"https:\/\/www.radioluna.it\/news\/wp-content\/uploads\/2026\/02\/banner-aprile-icar-new-life-auto-usate-latina.gif\" alt=\"\"  width=\"300\" height=\"250\"   \/><\/a><\/div><\/div>","protected":false},"excerpt":{"rendered":"<p>https:\/\/youtu.be\/lIQA_xDkU18 TERRACINA &#8211; \u00a0Resteranno impresse per sempre negli occhi di tantissime persone le immagini di quel tragico impatto con il mare. Il caccia militare che vola nel cielo di Terracina pochi minuti prima delle 17, segu\u00ecto nelle sue evoluzioni da centomila occhi: &#8220;Guarda, \u00e8 solo un puntino&#8221;, dice una donna indicando il cielo (nel video [&hellip;]<\/p>\n","protected":false},"author":62,"featured_media":197980,"comment_status":"open","ping_status":"closed","sticky":false,"template":"","format":"standard","meta":{"footnotes":""},"categories":[7,2312],"tags":[],"class_list":["post-197965","post","type-post","status-publish","format-standard","has-post-thumbnail","hentry","category-cronaca","category-video"],"_links":{"self":[{"href":"https:\/\/www.radioluna.it\/news\/wp-json\/wp\/v2\/posts\/197965","targetHints":{"allow":["GET"]}}],"collection":[{"href":"https:\/\/www.radioluna.it\/news\/wp-json\/wp\/v2\/posts"}],"about":[{"href":"https:\/\/www.radioluna.it\/news\/wp-json\/wp\/v2\/types\/post"}],"author":[{"embeddable":true,"href":"https:\/\/www.radioluna.it\/news\/wp-json\/wp\/v2\/users\/62"}],"replies":[{"embeddable":true,"href":"https:\/\/www.radioluna.it\/news\/wp-json\/wp\/v2\/comments?post=197965"}],"version-history":[{"count":0,"href":"https:\/\/www.radioluna.it\/news\/wp-json\/wp\/v2\/posts\/197965\/revisions"}],"wp:featuredmedia":[{"embeddable":true,"href":"https:\/\/www.radioluna.it\/news\/wp-json\/wp\/v2\/media\/197980"}],"wp:attachment":[{"href":"https:\/\/www.radioluna.it\/news\/wp-json\/wp\/v2\/media?parent=197965"}],"wp:term":[{"taxonomy":"category","embeddable":true,"href":"https:\/\/www.radioluna.it\/news\/wp-json\/wp\/v2\/categories?post=197965"},{"taxonomy":"post_tag","embeddable":true,"href":"https:\/\/www.radioluna.it\/news\/wp-json\/wp\/v2\/tags?post=197965"}],"curies":[{"name":"wp","href":"https:\/\/api.w.org\/{rel}","templated":true}]}}