{"id":198167,"date":"2017-09-29T11:51:29","date_gmt":"2017-09-29T09:51:29","guid":{"rendered":"http:\/\/www.radioluna.it\/news\/?p=198167"},"modified":"2017-09-29T17:06:45","modified_gmt":"2017-09-29T15:06:45","slug":"autoriciclaggio-la-finanza-sequestra-15-milioni-di-euro-nei-guai-un-commercialista-di-latina-e-un-imprenditore-di-cisterna","status":"publish","type":"post","link":"https:\/\/www.radioluna.it\/news\/2017\/09\/autoriciclaggio-la-finanza-sequestra-15-milioni-di-euro-nei-guai-un-commercialista-di-latina-e-un-imprenditore-di-cisterna\/","title":{"rendered":"Autoriciclaggio, la Finanza sequestra 1,5 milioni di euro: nei guai un commercialista di Latina e un imprenditore di Cisterna"},"content":{"rendered":"<div id=\"fb-root\"><\/div>\n<div id=\"attachment_191169\" style=\"width: 699px\" class=\"wp-caption aligncenter\"><img loading=\"lazy\" decoding=\"async\" aria-describedby=\"caption-attachment-191169\" class=\"size-thumbnail wp-image-191169\" src=\"http:\/\/www.radioluna.it\/news\/wp-content\/uploads\/2017\/03\/bosco-689x461.jpg\" alt=\"\" width=\"689\" height=\"461\" srcset=\"https:\/\/www.radioluna.it\/news\/wp-content\/uploads\/2017\/03\/bosco-689x461.jpg 689w, https:\/\/www.radioluna.it\/news\/wp-content\/uploads\/2017\/03\/bosco-300x201.jpg 300w, https:\/\/www.radioluna.it\/news\/wp-content\/uploads\/2017\/03\/bosco-768x514.jpg 768w, https:\/\/www.radioluna.it\/news\/wp-content\/uploads\/2017\/03\/bosco-800x535.jpg 800w, https:\/\/www.radioluna.it\/news\/wp-content\/uploads\/2017\/03\/bosco.jpg 1000w\" sizes=\"auto, (max-width: 689px) 100vw, 689px\" \/><p id=\"caption-attachment-191169\" class=\"wp-caption-text\">Il colonnello Bosco comandante provinciale della Guardia di Finanza<\/p><\/div>\n<p style=\"text-align: justify;\"><strong>LATINA<\/strong> &#8211; I Finanzieri del Comando Provinciale della Guardia di Finanza di Latina hanno eseguito un sequestro preventivo di beni e conti correnti per un milione e mezzo di euro nei confronti di S.G., noto imprenditore di Cisterna che opera nel settore della compravendita di veicoli industriali, del suo commercialista di Latina, (D.E.)e di un terzo \u201cprestanome\u201d di Aprilia, tutti accusati, in concorso tra loro, di sottrazione fraudolenta al pagamento delle imposte, false comunicazioni sociali (falso in bilancio) e autoriciclaggio.\u00a0 La misura preventiva, emessa dal Giudice per le indagini preliminari del Tribunale di Latina, ha portato al sequestro di 17 immobili nelle province di Latina e di Reggio Calabria, di 141 tra auto e camion e di circa 300.000,00 euro.<\/p>\n<p>L&#8217;imprenditore, secondo quanto scoperto dagli investigatori delle fiamme gialle,\u00a0 per non pagare debiti e tasse, con la collaborazione del proprio consulente, aveva intestato la sua impresa al prestanome, spogliandola di tutti i beni, trasferendoli alla nuova societ\u00e0 attraverso false fatturazioni e cessione di ramo d\u2019azienda. Nel bilancio di liquidazione non figuravano\u00a0 mezzo milione di euro di imposte e 1.200.000 euro di crediti. per sfuggire ai controlli inoltre l&#8217;imprenditore di Cisterna non aveva presentato il bilancio dell\u2019anno precedente (2015) e aveva\u00a0 fatto sparire\u00a0 le scritture contabili della societ\u00e0 in crisi.<\/p>\n<p>Una catena di reati che si \u00e8 fermata con le indagini della Guardia di Finanza. La societ\u00e0 \u00e8 stata dichiarata fallita.<\/p>\n","protected":false},"excerpt":{"rendered":"<p>LATINA &#8211; I Finanzieri del Comando Provinciale della Guardia di Finanza di Latina hanno eseguito un sequestro preventivo di beni e conti correnti per un milione e mezzo di euro nei confronti di S.G., noto imprenditore di Cisterna che opera nel settore della compravendita di veicoli industriali, del suo commercialista di Latina, (D.E.)e di un [&hellip;]<\/p>\n","protected":false},"author":62,"featured_media":191169,"comment_status":"open","ping_status":"closed","sticky":false,"template":"","format":"standard","meta":{"footnotes":""},"categories":[7],"tags":[],"class_list":["post-198167","post","type-post","status-publish","format-standard","has-post-thumbnail","hentry","category-cronaca"],"_links":{"self":[{"href":"https:\/\/www.radioluna.it\/news\/wp-json\/wp\/v2\/posts\/198167","targetHints":{"allow":["GET"]}}],"collection":[{"href":"https:\/\/www.radioluna.it\/news\/wp-json\/wp\/v2\/posts"}],"about":[{"href":"https:\/\/www.radioluna.it\/news\/wp-json\/wp\/v2\/types\/post"}],"author":[{"embeddable":true,"href":"https:\/\/www.radioluna.it\/news\/wp-json\/wp\/v2\/users\/62"}],"replies":[{"embeddable":true,"href":"https:\/\/www.radioluna.it\/news\/wp-json\/wp\/v2\/comments?post=198167"}],"version-history":[{"count":0,"href":"https:\/\/www.radioluna.it\/news\/wp-json\/wp\/v2\/posts\/198167\/revisions"}],"wp:featuredmedia":[{"embeddable":true,"href":"https:\/\/www.radioluna.it\/news\/wp-json\/wp\/v2\/media\/191169"}],"wp:attachment":[{"href":"https:\/\/www.radioluna.it\/news\/wp-json\/wp\/v2\/media?parent=198167"}],"wp:term":[{"taxonomy":"category","embeddable":true,"href":"https:\/\/www.radioluna.it\/news\/wp-json\/wp\/v2\/categories?post=198167"},{"taxonomy":"post_tag","embeddable":true,"href":"https:\/\/www.radioluna.it\/news\/wp-json\/wp\/v2\/tags?post=198167"}],"curies":[{"name":"wp","href":"https:\/\/api.w.org\/{rel}","templated":true}]}}