{"id":198174,"date":"2017-09-29T13:27:24","date_gmt":"2017-09-29T11:27:24","guid":{"rendered":"http:\/\/www.radioluna.it\/news\/?p=198174"},"modified":"2017-09-29T13:27:24","modified_gmt":"2017-09-29T11:27:24","slug":"spacca-il-finestrino-di-unauto-in-via-pasubio-arrestato","status":"publish","type":"post","link":"https:\/\/www.radioluna.it\/news\/2017\/09\/spacca-il-finestrino-di-unauto-in-via-pasubio-arrestato\/","title":{"rendered":"Spacca il finestrino di un&#8217;auto in Via Pasubio, arrestato"},"content":{"rendered":"<div id=\"fb-root\"><\/div>\n<p style=\"text-align: justify;\"><strong><img loading=\"lazy\" decoding=\"async\" class=\"aligncenter size-thumbnail wp-image-170344\" src=\"http:\/\/www.radioluna.it\/news\/wp-content\/uploads\/2015\/11\/CARABINIERI-NOTTE-635x422.jpg\" alt=\"\" width=\"635\" height=\"422\" srcset=\"https:\/\/www.radioluna.it\/news\/wp-content\/uploads\/2015\/11\/CARABINIERI-NOTTE-635x422.jpg 635w, https:\/\/www.radioluna.it\/news\/wp-content\/uploads\/2015\/11\/CARABINIERI-NOTTE-768x511.jpg 768w, https:\/\/www.radioluna.it\/news\/wp-content\/uploads\/2015\/11\/CARABINIERI-NOTTE-500x333.jpg 500w, https:\/\/www.radioluna.it\/news\/wp-content\/uploads\/2015\/11\/CARABINIERI-NOTTE-600x400.jpg 600w, https:\/\/www.radioluna.it\/news\/wp-content\/uploads\/2015\/11\/CARABINIERI-NOTTE-300x200.jpg 300w, https:\/\/www.radioluna.it\/news\/wp-content\/uploads\/2015\/11\/CARABINIERI-NOTTE.jpg 800w\" sizes=\"auto, (max-width: 635px) 100vw, 635px\" \/>LATINA<\/strong> &#8211; Spacca il vetro di un&#8217;auto parcheggiata in Via Pasubio e viene arrestato dai carabinieri. E&#8217; accaduto poco prima dell&#8217;alba di oggi a Latina. In manette per furto aggravato \u00e8 finito un uomo di 46 anni marocchino, in Italia senza fissa dimora. Lo hanno sorpreso i militari dell&#8217; Aliquota Radiomobile nel corso di un servizio di controllo del territorio. L\u2019uomo dopo aver infranto il finestrino si era impossessato di alcuni oggetti che sono stati poi restituiti al proprietario dell&#8217;auto. Senza dubbio per\u00f2 il danno peggiore che nessuno risarcir\u00e0 \u00e8 quello alla vettura.<\/p>\n<p style=\"text-align: justify;\">L\u2019arrestato trattenuto nelle camere di sicurezza, \u00e8 in attesa di giudizio con rito direttissimo.<\/p>\n","protected":false},"excerpt":{"rendered":"<p>LATINA &#8211; Spacca il vetro di un&#8217;auto parcheggiata in Via Pasubio e viene arrestato dai carabinieri. E&#8217; accaduto poco prima dell&#8217;alba di oggi a Latina. In manette per furto aggravato \u00e8 finito un uomo di 46 anni marocchino, in Italia senza fissa dimora. Lo hanno sorpreso i militari dell&#8217; Aliquota Radiomobile nel corso di un [&hellip;]<\/p>\n","protected":false},"author":62,"featured_media":170344,"comment_status":"open","ping_status":"closed","sticky":false,"template":"","format":"standard","meta":{"footnotes":""},"categories":[7],"tags":[],"class_list":["post-198174","post","type-post","status-publish","format-standard","has-post-thumbnail","hentry","category-cronaca"],"_links":{"self":[{"href":"https:\/\/www.radioluna.it\/news\/wp-json\/wp\/v2\/posts\/198174","targetHints":{"allow":["GET"]}}],"collection":[{"href":"https:\/\/www.radioluna.it\/news\/wp-json\/wp\/v2\/posts"}],"about":[{"href":"https:\/\/www.radioluna.it\/news\/wp-json\/wp\/v2\/types\/post"}],"author":[{"embeddable":true,"href":"https:\/\/www.radioluna.it\/news\/wp-json\/wp\/v2\/users\/62"}],"replies":[{"embeddable":true,"href":"https:\/\/www.radioluna.it\/news\/wp-json\/wp\/v2\/comments?post=198174"}],"version-history":[{"count":0,"href":"https:\/\/www.radioluna.it\/news\/wp-json\/wp\/v2\/posts\/198174\/revisions"}],"wp:featuredmedia":[{"embeddable":true,"href":"https:\/\/www.radioluna.it\/news\/wp-json\/wp\/v2\/media\/170344"}],"wp:attachment":[{"href":"https:\/\/www.radioluna.it\/news\/wp-json\/wp\/v2\/media?parent=198174"}],"wp:term":[{"taxonomy":"category","embeddable":true,"href":"https:\/\/www.radioluna.it\/news\/wp-json\/wp\/v2\/categories?post=198174"},{"taxonomy":"post_tag","embeddable":true,"href":"https:\/\/www.radioluna.it\/news\/wp-json\/wp\/v2\/tags?post=198174"}],"curies":[{"name":"wp","href":"https:\/\/api.w.org\/{rel}","templated":true}]}}