{"id":198175,"date":"2017-09-29T16:14:49","date_gmt":"2017-09-29T14:14:49","guid":{"rendered":"http:\/\/www.radioluna.it\/news\/?p=198175"},"modified":"2017-09-30T12:26:31","modified_gmt":"2017-09-30T10:26:31","slug":"riunione-della-comunita-del-parco-del-circeo-nominati-i-tre-componenti","status":"publish","type":"post","link":"https:\/\/www.radioluna.it\/news\/2017\/09\/riunione-della-comunita-del-parco-del-circeo-nominati-i-tre-componenti\/","title":{"rendered":"Riunione della Comunit\u00e0 del Parco del Circeo, nominati i tre componenti"},"content":{"rendered":"<div id=\"fb-root\"><\/div>\n<p style=\"text-align: justify;\"><strong><a href=\"http:\/\/www.radioluna.it\/news\/wp-content\/uploads\/2017\/06\/giada-gervasi-sindaco.jpg\"><img loading=\"lazy\" decoding=\"async\" class=\"aligncenter size-thumbnail wp-image-195057\" src=\"http:\/\/www.radioluna.it\/news\/wp-content\/uploads\/2017\/06\/giada-gervasi-sindaco-689x388.jpg\" alt=\"\" width=\"689\" height=\"388\" srcset=\"https:\/\/www.radioluna.it\/news\/wp-content\/uploads\/2017\/06\/giada-gervasi-sindaco-689x388.jpg 689w, https:\/\/www.radioluna.it\/news\/wp-content\/uploads\/2017\/06\/giada-gervasi-sindaco-300x169.jpg 300w, https:\/\/www.radioluna.it\/news\/wp-content\/uploads\/2017\/06\/giada-gervasi-sindaco-768x432.jpg 768w, https:\/\/www.radioluna.it\/news\/wp-content\/uploads\/2017\/06\/giada-gervasi-sindaco-800x450.jpg 800w, https:\/\/www.radioluna.it\/news\/wp-content\/uploads\/2017\/06\/giada-gervasi-sindaco.jpg 960w\" sizes=\"auto, (max-width: 689px) 100vw, 689px\" \/><\/a>SABAUDIA &#8211;<\/strong>\u00a0Riunione della Comunit\u00e0 del Parco Nazionale del Circeo, alla presenza del presidente Giada Gervasi, del vicepresidente Giuseppe Schiboni, di Enrico Forte, di Ciro Ambrosino, del presidente dell\u2019Ente Parco Gaetano Benedetto, di Roberto Lessio e di Maria Gelsomina Califano.<\/p>\n<p style=\"text-align: justify;\">Nella seduta si \u00e8 provveduto alla designazione degli altri 3 componenti della Comunit\u00e0. La proposta, che \u00e8 stata votata all\u2019unanimit\u00e0, ha visto designati i signori: Maria Gelsomina Califano, assessore alla tutela del territorio del Comune di Ponza, Vincenzo Cerasoli, vicesindaco del Comune di San Felice Circeo e Daniela Iozzino, componente tecnico della Comunit\u00e0 nominata in rappresentanza del Comune di Sabaudia.<\/p>\n<p style=\"text-align: justify;\">Altri due i punti all\u2019ordine del giorno: il Conto Consuntivo del 2016 dell\u2019Ente Parco Nazionale del Circeo, cui la Comunit\u00e0 deve dare parere obbligatorio, l\u2019assemblea ha deciso di rinviare la discussione alla seduta in programma per il 10 ottobre alle ore 17. Per quanto riguardo il Piano del Parco, invece, \u00e8 stata proposta dal Presidente Gervasi e approvata all\u2019unanimit\u00e0 la realizzazione di un\u2019assemblea pubblica. L\u2019evento \u00e8 stato programmato per il prossimo 14 ottobre presso l\u2019auditorium del Parco Nazionale del Circeo, dalle ore 9.30 alle ore 12.30, e sar\u00e0 convocato dal Presidente Gaetano Benedetto.<\/p>\n<p style=\"text-align: justify;\">\n","protected":false},"excerpt":{"rendered":"<p>SABAUDIA &#8211;\u00a0Riunione della Comunit\u00e0 del Parco Nazionale del Circeo, alla presenza del presidente Giada Gervasi, del vicepresidente Giuseppe Schiboni, di Enrico Forte, di Ciro Ambrosino, del presidente dell\u2019Ente Parco Gaetano Benedetto, di Roberto Lessio e di Maria Gelsomina Califano. Nella seduta si \u00e8 provveduto alla designazione degli altri 3 componenti della Comunit\u00e0. La proposta, che [&hellip;]<\/p>\n","protected":false},"author":60,"featured_media":195057,"comment_status":"open","ping_status":"closed","sticky":false,"template":"","format":"standard","meta":{"footnotes":""},"categories":[735],"tags":[],"class_list":["post-198175","post","type-post","status-publish","format-standard","has-post-thumbnail","hentry","category-attualita"],"_links":{"self":[{"href":"https:\/\/www.radioluna.it\/news\/wp-json\/wp\/v2\/posts\/198175","targetHints":{"allow":["GET"]}}],"collection":[{"href":"https:\/\/www.radioluna.it\/news\/wp-json\/wp\/v2\/posts"}],"about":[{"href":"https:\/\/www.radioluna.it\/news\/wp-json\/wp\/v2\/types\/post"}],"author":[{"embeddable":true,"href":"https:\/\/www.radioluna.it\/news\/wp-json\/wp\/v2\/users\/60"}],"replies":[{"embeddable":true,"href":"https:\/\/www.radioluna.it\/news\/wp-json\/wp\/v2\/comments?post=198175"}],"version-history":[{"count":0,"href":"https:\/\/www.radioluna.it\/news\/wp-json\/wp\/v2\/posts\/198175\/revisions"}],"wp:featuredmedia":[{"embeddable":true,"href":"https:\/\/www.radioluna.it\/news\/wp-json\/wp\/v2\/media\/195057"}],"wp:attachment":[{"href":"https:\/\/www.radioluna.it\/news\/wp-json\/wp\/v2\/media?parent=198175"}],"wp:term":[{"taxonomy":"category","embeddable":true,"href":"https:\/\/www.radioluna.it\/news\/wp-json\/wp\/v2\/categories?post=198175"},{"taxonomy":"post_tag","embeddable":true,"href":"https:\/\/www.radioluna.it\/news\/wp-json\/wp\/v2\/tags?post=198175"}],"curies":[{"name":"wp","href":"https:\/\/api.w.org\/{rel}","templated":true}]}}